{"id":113,"date":"2024-03-18T14:23:42","date_gmt":"2024-03-18T14:23:42","guid":{"rendered":"https:\/\/foroprogresotenerife.org\/?p=113"},"modified":"2025-11-24T18:53:02","modified_gmt":"2025-11-24T18:53:02","slug":"el-sector-empresarial-de-tenerife-se-une-para-favorecer-el-crecimiento-de-la-isla-y-reducir-los-desequilibrios","status":"publish","type":"post","link":"https:\/\/foroprogresotenerife.org\/index.php\/2024\/03\/18\/el-sector-empresarial-de-tenerife-se-une-para-favorecer-el-crecimiento-de-la-isla-y-reducir-los-desequilibrios\/","title":{"rendered":"El sector empresarial de Tenerife se une para fomentar el crecimiento de la Isla y reducir los desequilibrios"},"content":{"rendered":"\n<h2 class=\"wp-block-heading\"><em>El Foro por el Progreso de Tenerife celebra su primer encuentro con la participaci\u00f3n del presidente del Gobierno de Canarias<\/em><\/h2>\n\n\n\n<p>Un amplio grupo de empresarios y empresarias de Tenerife han decidido dar un paso al frente para unirse en el denominado Foro por el Progreso de Tenerife. El objetivo de esta nueva asociaci\u00f3n no es otro que el de impulsar el potencial de crecimiento que tiene Tenerife en el conjunto del Archipi\u00e9lago a trav\u00e9s del fomento del esp\u00edritu empresarial, la competitividad y el desarrollo de la libre empresa y de la sociedad en general. Con este objetivo, la asociaci\u00f3n promover\u00e1 el an\u00e1lisis y el debate en colaboraci\u00f3n con otros actores econ\u00f3micos y sociales y tambi\u00e9n con la administraci\u00f3n en los asuntos que se consideren esenciales para reducir los desequilibrios econ\u00f3micos y sociales que lastran nuestro desarrollo. \u00a0<\/p>\n\n\n\n<p>En este primer encuentro, que cont\u00f3 con la asistencia del presidente del Gobierno de Canarias, Fernando Clavijo, as\u00ed como del viceconsejero de la Presidencia, Alfonso Cabello, qued\u00f3 claro el firme prop\u00f3sito del Foro de actuar de acuerdo a su responsabilidad social y empresarial por encima de intereses sectoriales o particulares, inspirado en las asociaciones empresariales que conforman los C\u00edrculos de Empresarios en Espa\u00f1a. De acuerdo con el papel que juegan las empresas en el contexto sociecon\u00f3mico actual, la actividad de esta nueva asociaci\u00f3n cuyo organigrama se presentar\u00e1 el pr\u00f3ximo mes de marzo, pretende contribuir al progreso de la Isla aportando ideas y propuestas evitando la politizaci\u00f3n de las mismas y la polarizaci\u00f3n de la sociedad, acorde al cambio generacional que el sector empresarial de la Isla ha experimentado en los \u00faltimos a\u00f1os.&nbsp;<\/p>\n\n\n\n<p>Como primer paso se ha previsto la elaboraci\u00f3n de un plan de trabajo anual con los asuntos que se consideran relevantes y que se centran principalmente en la necesidad de aprovechar, como factor de desarrollo en la econom\u00eda global del siglo XXI, aquellos condicionantes que a priori se podr\u00edan considerar como negativos en un territorio fragmentado, aislado y alejado como el nuestro.<\/p>\n\n\n\n<p>La disponibilidad de vivienda a precios asequibles es uno de los asuntos prioritarios. Un problema que en Tenerife se agrava si tenemos en cuenta nuestra presi\u00f3n demogr\u00e1fica con un aumento de poblaci\u00f3n en el \u00faltimo a\u00f1o de 13.000 habitantes que nos llevan a un incremento poblacional del 33 por ciento desde el a\u00f1o 2000, adem\u00e1s de otros usos no residenciales que se ven agravados por la falta de nueva oferta y disponibilidad de suelo finalista.<\/p>\n\n\n\n<p>Las dificultades que tienen las empresas para contratar personal en determinadas ramas profesionales tras el COVID vienen a demostrar que los esfuerzos en la mejora de la formaci\u00f3n y capacitaci\u00f3n laboral no han solucionado las altas tasas de paro y es<\/p>\n\n\n\n<p>otro de los asuntos que pretende abordar el Foro. Si adem\u00e1s tenemos en cuenta el alto crecimiento poblacional queda clara una disfuncionalidad en el mercado laboral que podr\u00eda corregirse a trav\u00e9s de un impulso de la formaci\u00f3n dual.&nbsp;<\/p>\n\n\n\n<p>En cuanto a la fragilidad de nuestro sistema energ\u00e9tico se hace necesario promover el cambio del mix energ\u00e9tico orientado hacia la descarbonizaci\u00f3n. Tenerife est\u00e1 muy atrasada en proyectos vinculados a la generaci\u00f3n de renovables, a la introducci\u00f3n de fuentes alternativas como el Hidr\u00f3geno o al desarrollo de sistemas de bombeo para el almacenamiento.<\/p>\n\n\n\n<p>Un cambio de modelo de movilidad insular hacia una mayor sostenibilidad que mejore tanto la calidad de vida de la ciudadan\u00eda como la productividad de las empresas reduciendo los costes y tiempos de traslado es otros de los temas relevantes porque Tenerife no puede esperar m\u00e1s. Por lo tanto, se hace necesario promover de manera definitiva las obras previstas. &nbsp;&nbsp;&nbsp;<\/p>\n\n\n\n<p>La competitividad del Puerto de Santa Cruz de Tenerife y de los aeropuertos de la Isla para transformarlos en verdaderos sistemas aut\u00f3nomos requieren una potente inversi\u00f3n para transformar sus equipamientos con una mejor conexi\u00f3n con el territorio y la econom\u00eda a la que sirven.<\/p>\n\n\n\n<p>La transformaci\u00f3n digital requiere una modernizaci\u00f3n de tanto en el \u00e1mbito p\u00fablico, como en el privado y constituye un aut\u00e9ntico desaf\u00edo que requiere divulgaci\u00f3n, recursos y un cambio de paradigma para convertirnos en un territorio atractivo tambi\u00e9n en el \u00e1mbito de la innovaci\u00f3n. La promoci\u00f3n de la cultura de la innovaci\u00f3n debe ser una parte importante de la actividad del Foro potenciando un caldo de cultivo propicio para la libertad de empresa y la competitividad de la econom\u00eda de la isla.<\/p>\n\n\n\n<p>Por otra parte, la atracci\u00f3n de talento que llega a la Isla por nuestras condiciones de vida envidiables deber\u00eda repercutir en el desarrollo de nuevos sectores econ\u00f3micos y es un tema que se debe abordar para sacar el mayor provecho junto a la potenciaci\u00f3n del papel que juegan las universidades como principales centros de investigaci\u00f3n buscando mayores sinergias con los sectores emergentes y en particular a trav\u00e9s del Parque Tecnol\u00f3gico de Tenerife<\/p>\n\n\n\n<p>Desde el punto de vista social, el mayor desaf\u00edo consiste en poder contar con nuevos equipamientos y servicios sociosanitarios que cumpla tanto con las necesidades demogr\u00e1fica de la poblaci\u00f3n de Canarias, como con la mejora de los est\u00e1ndares de vida y mayor esperanza de vida.<\/p>\n\n\n\n<p>Lograr por fin una buena conexi\u00f3n mar\u00edtima de Tenerife con las islas verdes supone tambi\u00e9n una potente oportunidad para el desarrollo de Tenerife por lo que desde el Foro se pretende profundizar sobre este tema sin olvidar otros asuntos como la internacionalizaci\u00f3n de Tenerife y su conectividad a\u00e9rea, la diversificaci\u00f3n de la econom\u00eda a trav\u00e9s del turismo, el desarrollo de sectores nicho, tales como la industria del reciclaje y la econom\u00eda circular o el desarrollo del sector audiovisual o aeroespacial.<\/p>\n\n\n\n<p><\/p>\n\n\n\n<ul class=\"wp-block-list\">\n<li><a href=\"https:\/\/www.atlanticohoy.com\/empresas\/foro-progreso-tenerife-potenciar-empresas_1527469_102_amp.html\" target=\"_blank\" rel=\"noreferrer noopener\">https:\/\/www.atlanticohoy.com\/empresas\/foro-progreso-tenerife-potenciar-empresas_1527469_102_amp.html<\/a><\/li>\n\n\n\n<li><a href=\"https:\/\/www.eldia.es\/tenerife\/2024\/02\/08\/nace-colectivo-empresarial-foro-progreso-97929888.amp.html\" target=\"_blank\" rel=\"noreferrer noopener\">https:\/\/www.eldia.es\/tenerife\/2024\/02\/08\/nace-colectivo-empresarial-foro-progreso-97929888.amp.html<\/a><\/li>\n\n\n\n<li><a href=\"https:\/\/www.soldelsurtenerife.com\/articulo\/economia\/sector-empresarial-tenerife-une-favorecer-crecimiento-isla-reducir-desequilibrios\/20240208134422080063.html\" target=\"_blank\" rel=\"noreferrer noopener\">https:\/\/www.soldelsurtenerife.com\/articulo\/economia\/sector-empresarial-tenerife-une-favorecer-crecimiento-isla-reducir-desequilibrios\/20240208134422080063.html<\/a><\/li>\n<\/ul>\n\n\n\n<figure class=\"wp-block-gallery has-nested-images columns-default is-cropped wp-block-gallery-1 is-layout-flex wp-block-gallery-is-layout-flex\">\n<figure class=\"wp-block-image size-large\"><img loading=\"lazy\" decoding=\"async\" width=\"1024\" height=\"680\" data-id=\"120\" src=\"https:\/\/foroprogresotenerife.org\/wp-content\/uploads\/2024\/03\/IMG_9978.jpeg-1024x680.jpg\" alt=\"\" class=\"wp-image-120\" srcset=\"https:\/\/foroprogresotenerife.org\/wp-content\/uploads\/2024\/03\/IMG_9978.jpeg-980x651.jpg 980w, https:\/\/foroprogresotenerife.org\/wp-content\/uploads\/2024\/03\/IMG_9978.jpeg-480x319.jpg 480w\" sizes=\"auto, (min-width: 0px) and (max-width: 480px) 480px, (min-width: 481px) and (max-width: 980px) 980px, (min-width: 981px) 1024px, 100vw\" \/><\/figure>\n\n\n\n<figure class=\"wp-block-image size-large\"><img loading=\"lazy\" decoding=\"async\" width=\"1024\" height=\"768\" data-id=\"119\" src=\"https:\/\/foroprogresotenerife.org\/wp-content\/uploads\/2024\/03\/IMG_9947.jpeg-1024x768.jpg\" alt=\"\" class=\"wp-image-119\" srcset=\"https:\/\/foroprogresotenerife.org\/wp-content\/uploads\/2024\/03\/IMG_9947.jpeg-980x735.jpg 980w, https:\/\/foroprogresotenerife.org\/wp-content\/uploads\/2024\/03\/IMG_9947.jpeg-480x360.jpg 480w\" sizes=\"auto, (min-width: 0px) and (max-width: 480px) 480px, (min-width: 481px) and (max-width: 980px) 980px, (min-width: 981px) 1024px, 100vw\" \/><\/figure>\n\n\n\n<figure class=\"wp-block-image size-large\"><img loading=\"lazy\" decoding=\"async\" width=\"1024\" height=\"768\" data-id=\"118\" src=\"https:\/\/foroprogresotenerife.org\/wp-content\/uploads\/2024\/03\/IMG_9937.jpeg-1024x768.jpg\" alt=\"\" class=\"wp-image-118\" srcset=\"https:\/\/foroprogresotenerife.org\/wp-content\/uploads\/2024\/03\/IMG_9937.jpeg-980x735.jpg 980w, https:\/\/foroprogresotenerife.org\/wp-content\/uploads\/2024\/03\/IMG_9937.jpeg-480x360.jpg 480w\" sizes=\"auto, (min-width: 0px) and (max-width: 480px) 480px, (min-width: 481px) and (max-width: 980px) 980px, (min-width: 981px) 1024px, 100vw\" \/><\/figure>\n\n\n\n<figure class=\"wp-block-image size-large\"><img loading=\"lazy\" decoding=\"async\" width=\"1024\" height=\"768\" data-id=\"115\" src=\"https:\/\/foroprogresotenerife.org\/wp-content\/uploads\/2024\/03\/IMG_0188.jpeg-1024x768.jpg\" alt=\"\" class=\"wp-image-115\" srcset=\"https:\/\/foroprogresotenerife.org\/wp-content\/uploads\/2024\/03\/IMG_0188.jpeg-980x735.jpg 980w, https:\/\/foroprogresotenerife.org\/wp-content\/uploads\/2024\/03\/IMG_0188.jpeg-480x360.jpg 480w\" sizes=\"auto, (min-width: 0px) and (max-width: 480px) 480px, (min-width: 481px) and (max-width: 980px) 980px, (min-width: 981px) 1024px, 100vw\" \/><\/figure>\n<\/figure>\n","protected":false},"excerpt":{"rendered":"<p>El Foro por el Progreso de Tenerife celebra su primer encuentro con la participaci\u00f3n del presidente del Gobierno de Canarias Un amplio grupo de empresarios y empresarias de Tenerife han decidido dar un paso al frente para unirse en el denominado Foro por el Progreso de Tenerife. El objetivo de esta nueva asociaci\u00f3n no es [&hellip;]<\/p>\n","protected":false},"author":1,"featured_media":136,"comment_status":"closed","ping_status":"closed","sticky":false,"template":"","format":"standard","meta":{"_et_pb_use_builder":"off","_et_pb_old_content":"<!-- wp:heading -->\n<h2 class=\"wp-block-heading\"><em>El Foro por el Progreso de Tenerife celebra su primer encuentro con la participaci\u00f3n del presidente del Gobierno de Canarias<\/em><\/h2>\n<!-- \/wp:heading -->\n\n<!-- wp:paragraph -->\n<p><img class=\"wp-image-115\" style=\"width: 150px;\" src=\"https:\/\/foroprogresotenerife.org\/wp-content\/uploads\/2024\/03\/IMG_0188.jpeg-scaled.jpg\" alt=\"\">Un amplio grupo de empresarios y empresarias de Tenerife han decidido dar un paso al frente para unirse en el denominado Foro por el Progreso de Tenerife. El objetivo de esta nueva asociaci\u00f3n no es otro que el de impulsar el potencial de crecimiento que tiene Tenerife en el conjunto del Archipi\u00e9lago a trav\u00e9s del fomento del esp\u00edritu empresarial, la competitividad y el desarrollo de la libre empresa y de la sociedad en general. Con este objetivo, la asociaci\u00f3n promover\u00e1 el an\u00e1lisis y el debate en colaboraci\u00f3n con otros actores econ\u00f3micos y sociales y tambi\u00e9n con la administraci\u00f3n en los asuntos que se consideren esenciales para reducir los desequilibrios econ\u00f3micos y sociales que lastran nuestro desarrollo. \u00a0<\/p>\n<!-- \/wp:paragraph -->\n\n<!-- wp:paragraph -->\n<p>En este primer encuentro, que cont\u00f3 con la asistencia del presidente del Gobierno de Canarias, Fernando Clavijo, as\u00ed como del viceconsejero de la Presidencia, Alfonso Cabello, qued\u00f3 claro el firme prop\u00f3sito del Foro de actuar de acuerdo a su responsabilidad social y empresarial por encima de intereses sectoriales o particulares, inspirado en las asociaciones empresariales que conforman los C\u00edrculos de Empresarios en Espa\u00f1a. De acuerdo con el papel que juegan las empresas en el contexto sociecon\u00f3mico actual, la actividad de esta nueva asociaci\u00f3n cuyo organigrama se presentar\u00e1 el pr\u00f3ximo mes de marzo, pretende contribuir al progreso de la Isla aportando ideas y propuestas evitando la politizaci\u00f3n de las mismas y la polarizaci\u00f3n de la sociedad, acorde al cambio generacional que el sector empresarial de la Isla ha experimentado en los \u00faltimos a\u00f1os.&nbsp;<\/p>\n<!-- \/wp:paragraph -->\n\n<!-- wp:paragraph -->\n<p>Como primer paso se ha previsto la elaboraci\u00f3n de un plan de trabajo anual con los asuntos que se consideran relevantes y que se centran principalmente en la necesidad de aprovechar, como factor de desarrollo en la econom\u00eda global del siglo XXI, aquellos condicionantes que a priori se podr\u00edan considerar como negativos en un territorio fragmentado, aislado y alejado como el nuestro.<\/p>\n<!-- \/wp:paragraph -->\n\n<!-- wp:paragraph -->\n<p>La disponibilidad de vivienda a precios asequibles es uno de los asuntos prioritarios. Un problema que en Tenerife se agrava si tenemos en cuenta nuestra presi\u00f3n demogr\u00e1fica con un aumento de poblaci\u00f3n en el \u00faltimo a\u00f1o de 13.000 habitantes que nos llevan a un incremento poblacional del 33 por ciento desde el a\u00f1o 2000, adem\u00e1s de otros usos no residenciales que se ven agravados por la falta de nueva oferta y disponibilidad de suelo finalista.<\/p>\n<!-- \/wp:paragraph -->\n\n<!-- wp:paragraph -->\n<p>Las dificultades que tienen las empresas para contratar personal en determinadas ramas profesionales tras el COVID vienen a demostrar que los esfuerzos en la mejora de la formaci\u00f3n y capacitaci\u00f3n laboral no han solucionado las altas tasas de paro y es<\/p>\n<!-- \/wp:paragraph -->\n\n<!-- wp:paragraph -->\n<p>otro de los asuntos que pretende abordar el Foro. Si adem\u00e1s tenemos en cuenta el alto crecimiento poblacional queda clara una disfuncionalidad en el mercado laboral que podr\u00eda corregirse a trav\u00e9s de un impulso de la formaci\u00f3n dual.&nbsp;<\/p>\n<!-- \/wp:paragraph -->\n\n<!-- wp:paragraph -->\n<p>En cuanto a la fragilidad de nuestro sistema energ\u00e9tico se hace necesario promover el cambio del mix energ\u00e9tico orientado hacia la descarbonizaci\u00f3n. Tenerife est\u00e1 muy atrasada en proyectos vinculados a la generaci\u00f3n de renovables, a la introducci\u00f3n de fuentes alternativas como el Hidr\u00f3geno o al desarrollo de sistemas de bombeo para el almacenamiento.<\/p>\n<!-- \/wp:paragraph -->\n\n<!-- wp:paragraph -->\n<p>Un cambio de modelo de movilidad insular hacia una mayor sostenibilidad que mejore tanto la calidad de vida de la ciudadan\u00eda como la productividad de las empresas reduciendo los costes y tiempos de traslado es otros de los temas relevantes porque Tenerife no puede esperar m\u00e1s. Por lo tanto, se hace necesario promover de manera definitiva las obras previstas. &nbsp;&nbsp;&nbsp;<\/p>\n<!-- \/wp:paragraph -->\n\n<!-- wp:paragraph -->\n<p>La competitividad del Puerto de Santa Cruz de Tenerife y de los aeropuertos de la Isla para transformarlos en verdaderos sistemas aut\u00f3nomos requieren una potente inversi\u00f3n para transformar sus equipamientos con una mejor conexi\u00f3n con el territorio y la econom\u00eda a la que sirven.<\/p>\n<!-- \/wp:paragraph -->\n\n<!-- wp:paragraph -->\n<p>La transformaci\u00f3n digital requiere una modernizaci\u00f3n de tanto en el \u00e1mbito p\u00fablico, como en el privado y constituye un aut\u00e9ntico desaf\u00edo que requiere divulgaci\u00f3n, recursos y un cambio de paradigma para convertirnos en un territorio atractivo tambi\u00e9n en el \u00e1mbito de la innovaci\u00f3n. La promoci\u00f3n de la cultura de la innovaci\u00f3n debe ser una parte importante de la actividad del Foro potenciando un caldo de cultivo propicio para la libertad de empresa y la competitividad de la econom\u00eda de la isla.<\/p>\n<!-- \/wp:paragraph -->\n\n<!-- wp:paragraph -->\n<p>Por otra parte, la atracci\u00f3n de talento que llega a la Isla por nuestras condiciones de vida envidiables deber\u00eda repercutir en el desarrollo de nuevos sectores econ\u00f3micos y es un tema que se debe abordar para sacar el mayor provecho junto a la potenciaci\u00f3n del papel que juegan las universidades como principales centros de investigaci\u00f3n buscando mayores sinergias con los sectores emergentes y en particular a trav\u00e9s del Parque Tecnol\u00f3gico de Tenerife<\/p>\n<!-- \/wp:paragraph -->\n\n<!-- wp:paragraph -->\n<p>Desde el punto de vista social, el mayor desaf\u00edo consiste en poder contar con nuevos equipamientos y servicios sociosanitarios que cumpla tanto con las necesidades demogr\u00e1fica de la poblaci\u00f3n de Canarias, como con la mejora de los est\u00e1ndares de vida y mayor esperanza de vida.<\/p>\n<!-- \/wp:paragraph -->\n\n<!-- wp:paragraph -->\n<p>Lograr por fin una buena conexi\u00f3n mar\u00edtima de Tenerife con las islas verdes supone tambi\u00e9n una potente oportunidad para el desarrollo de Tenerife por lo que desde el Foro se pretende profundizar sobre este tema sin olvidar otros asuntos como la internacionalizaci\u00f3n de Tenerife y su conectividad a\u00e9rea, la diversificaci\u00f3n de la econom\u00eda a trav\u00e9s del turismo, el desarrollo de sectores nicho, tales como la industria del reciclaje y la econom\u00eda circular o el desarrollo del sector audiovisual o aeroespacial.<\/p>\n<!-- \/wp:paragraph -->","_et_gb_content_width":"","_themeisle_gutenberg_block_has_review":false,"footnotes":""},"categories":[1],"tags":[],"class_list":["post-113","post","type-post","status-publish","format-standard","has-post-thumbnail","hentry","category-uncategorized"],"yoast_head":"<!-- This site is optimized with the Yoast SEO plugin v26.4 - https:\/\/yoast.com\/wordpress\/plugins\/seo\/ -->\n<title>El sector empresarial de Tenerife se une para fomentar el crecimiento de la Isla y reducir los desequilibrios - Foro por el Progreso de Tenerife<\/title>\n<meta name=\"robots\" content=\"noindex, follow, max-snippet:-1, max-image-preview:large, max-video-preview:-1\" \/>\n<meta property=\"og:locale\" content=\"es_ES\" \/>\n<meta property=\"og:type\" content=\"article\" \/>\n<meta property=\"og:title\" content=\"El sector empresarial de Tenerife se une para fomentar el crecimiento de la Isla y reducir los desequilibrios - Foro por el Progreso de Tenerife\" \/>\n<meta property=\"og:description\" content=\"El Foro por el Progreso de Tenerife celebra su primer encuentro con la participaci\u00f3n del presidente del Gobierno de Canarias Un amplio grupo de empresarios y empresarias de Tenerife han decidido dar un paso al frente para unirse en el denominado Foro por el Progreso de Tenerife. El objetivo de esta nueva asociaci\u00f3n no es [&hellip;]\" \/>\n<meta property=\"og:url\" content=\"https:\/\/foroprogresotenerife.org\/index.php\/2024\/03\/18\/el-sector-empresarial-de-tenerife-se-une-para-favorecer-el-crecimiento-de-la-isla-y-reducir-los-desequilibrios\/\" \/>\n<meta property=\"og:site_name\" content=\"Foro por el Progreso de Tenerife\" \/>\n<meta property=\"article:published_time\" content=\"2024-03-18T14:23:42+00:00\" \/>\n<meta property=\"article:modified_time\" content=\"2025-11-24T18:53:02+00:00\" \/>\n<meta property=\"og:image\" content=\"https:\/\/foroprogresotenerife.org\/wp-content\/uploads\/2024\/03\/fd47071d-12ba-45c5-b608-66296facdaf6_out-2568x2568-scaled.jpg\" \/>\n\t<meta property=\"og:image:width\" content=\"2560\" \/>\n\t<meta property=\"og:image:height\" content=\"2560\" \/>\n\t<meta property=\"og:image:type\" content=\"image\/jpeg\" \/>\n<meta name=\"author\" content=\"admin\" \/>\n<meta name=\"twitter:card\" content=\"summary_large_image\" \/>\n<meta name=\"twitter:label1\" content=\"Escrito por\" \/>\n\t<meta name=\"twitter:data1\" content=\"admin\" \/>\n\t<meta name=\"twitter:label2\" content=\"Tiempo de lectura\" \/>\n\t<meta name=\"twitter:data2\" content=\"6 minutos\" \/>\n<script type=\"application\/ld+json\" class=\"yoast-schema-graph\">{\"@context\":\"https:\/\/schema.org\",\"@graph\":[{\"@type\":\"Article\",\"@id\":\"https:\/\/foroprogresotenerife.org\/index.php\/2024\/03\/18\/el-sector-empresarial-de-tenerife-se-une-para-favorecer-el-crecimiento-de-la-isla-y-reducir-los-desequilibrios\/#article\",\"isPartOf\":{\"@id\":\"https:\/\/foroprogresotenerife.org\/index.php\/2024\/03\/18\/el-sector-empresarial-de-tenerife-se-une-para-favorecer-el-crecimiento-de-la-isla-y-reducir-los-desequilibrios\/\"},\"author\":{\"name\":\"admin\",\"@id\":\"https:\/\/foroprogresotenerife.org\/#\/schema\/person\/8d308945f74d322090bbf26ab3b458d7\"},\"headline\":\"El sector empresarial de Tenerife se une para fomentar el crecimiento de la Isla y reducir los desequilibrios\",\"datePublished\":\"2024-03-18T14:23:42+00:00\",\"dateModified\":\"2025-11-24T18:53:02+00:00\",\"mainEntityOfPage\":{\"@id\":\"https:\/\/foroprogresotenerife.org\/index.php\/2024\/03\/18\/el-sector-empresarial-de-tenerife-se-une-para-favorecer-el-crecimiento-de-la-isla-y-reducir-los-desequilibrios\/\"},\"wordCount\":1041,\"publisher\":{\"@id\":\"https:\/\/foroprogresotenerife.org\/#organization\"},\"image\":{\"@id\":\"https:\/\/foroprogresotenerife.org\/index.php\/2024\/03\/18\/el-sector-empresarial-de-tenerife-se-une-para-favorecer-el-crecimiento-de-la-isla-y-reducir-los-desequilibrios\/#primaryimage\"},\"thumbnailUrl\":\"https:\/\/foroprogresotenerife.org\/wp-content\/uploads\/2024\/03\/fd47071d-12ba-45c5-b608-66296facdaf6_out-2568x2568-scaled.jpg\",\"articleSection\":[\"Uncategorized\"],\"inLanguage\":\"es\"},{\"@type\":\"WebPage\",\"@id\":\"https:\/\/foroprogresotenerife.org\/index.php\/2024\/03\/18\/el-sector-empresarial-de-tenerife-se-une-para-favorecer-el-crecimiento-de-la-isla-y-reducir-los-desequilibrios\/\",\"url\":\"https:\/\/foroprogresotenerife.org\/index.php\/2024\/03\/18\/el-sector-empresarial-de-tenerife-se-une-para-favorecer-el-crecimiento-de-la-isla-y-reducir-los-desequilibrios\/\",\"name\":\"El sector empresarial de Tenerife se une para fomentar el crecimiento de la Isla y reducir los desequilibrios - Foro por el Progreso de Tenerife\",\"isPartOf\":{\"@id\":\"https:\/\/foroprogresotenerife.org\/#website\"},\"primaryImageOfPage\":{\"@id\":\"https:\/\/foroprogresotenerife.org\/index.php\/2024\/03\/18\/el-sector-empresarial-de-tenerife-se-une-para-favorecer-el-crecimiento-de-la-isla-y-reducir-los-desequilibrios\/#primaryimage\"},\"image\":{\"@id\":\"https:\/\/foroprogresotenerife.org\/index.php\/2024\/03\/18\/el-sector-empresarial-de-tenerife-se-une-para-favorecer-el-crecimiento-de-la-isla-y-reducir-los-desequilibrios\/#primaryimage\"},\"thumbnailUrl\":\"https:\/\/foroprogresotenerife.org\/wp-content\/uploads\/2024\/03\/fd47071d-12ba-45c5-b608-66296facdaf6_out-2568x2568-scaled.jpg\",\"datePublished\":\"2024-03-18T14:23:42+00:00\",\"dateModified\":\"2025-11-24T18:53:02+00:00\",\"breadcrumb\":{\"@id\":\"https:\/\/foroprogresotenerife.org\/index.php\/2024\/03\/18\/el-sector-empresarial-de-tenerife-se-une-para-favorecer-el-crecimiento-de-la-isla-y-reducir-los-desequilibrios\/#breadcrumb\"},\"inLanguage\":\"es\",\"potentialAction\":[{\"@type\":\"ReadAction\",\"target\":[\"https:\/\/foroprogresotenerife.org\/index.php\/2024\/03\/18\/el-sector-empresarial-de-tenerife-se-une-para-favorecer-el-crecimiento-de-la-isla-y-reducir-los-desequilibrios\/\"]}]},{\"@type\":\"ImageObject\",\"inLanguage\":\"es\",\"@id\":\"https:\/\/foroprogresotenerife.org\/index.php\/2024\/03\/18\/el-sector-empresarial-de-tenerife-se-une-para-favorecer-el-crecimiento-de-la-isla-y-reducir-los-desequilibrios\/#primaryimage\",\"url\":\"https:\/\/foroprogresotenerife.org\/wp-content\/uploads\/2024\/03\/fd47071d-12ba-45c5-b608-66296facdaf6_out-2568x2568-scaled.jpg\",\"contentUrl\":\"https:\/\/foroprogresotenerife.org\/wp-content\/uploads\/2024\/03\/fd47071d-12ba-45c5-b608-66296facdaf6_out-2568x2568-scaled.jpg\",\"width\":2560,\"height\":2560},{\"@type\":\"BreadcrumbList\",\"@id\":\"https:\/\/foroprogresotenerife.org\/index.php\/2024\/03\/18\/el-sector-empresarial-de-tenerife-se-une-para-favorecer-el-crecimiento-de-la-isla-y-reducir-los-desequilibrios\/#breadcrumb\",\"itemListElement\":[{\"@type\":\"ListItem\",\"position\":1,\"name\":\"Portada\",\"item\":\"https:\/\/foroprogresotenerife.org\/\"},{\"@type\":\"ListItem\",\"position\":2,\"name\":\"El sector empresarial de Tenerife se une para fomentar el crecimiento de la Isla y reducir los desequilibrios\"}]},{\"@type\":\"WebSite\",\"@id\":\"https:\/\/foroprogresotenerife.org\/#website\",\"url\":\"https:\/\/foroprogresotenerife.org\/\",\"name\":\"Foro por el Progreso de Tenerife\",\"description\":\"El sector empresarial de Tenerife se une para favorecer el crecimiento de la Isla y reducir los desequilibrios\",\"publisher\":{\"@id\":\"https:\/\/foroprogresotenerife.org\/#organization\"},\"potentialAction\":[{\"@type\":\"SearchAction\",\"target\":{\"@type\":\"EntryPoint\",\"urlTemplate\":\"https:\/\/foroprogresotenerife.org\/?s={search_term_string}\"},\"query-input\":{\"@type\":\"PropertyValueSpecification\",\"valueRequired\":true,\"valueName\":\"search_term_string\"}}],\"inLanguage\":\"es\"},{\"@type\":\"Organization\",\"@id\":\"https:\/\/foroprogresotenerife.org\/#organization\",\"name\":\"Foro por el Progreso de Tenerife\",\"url\":\"https:\/\/foroprogresotenerife.org\/\",\"logo\":{\"@type\":\"ImageObject\",\"inLanguage\":\"es\",\"@id\":\"https:\/\/foroprogresotenerife.org\/#\/schema\/logo\/image\/\",\"url\":\"https:\/\/foroprogresotenerife.org\/wp-content\/uploads\/2024\/03\/cropped-icono.png\",\"contentUrl\":\"https:\/\/foroprogresotenerife.org\/wp-content\/uploads\/2024\/03\/cropped-icono.png\",\"width\":512,\"height\":512,\"caption\":\"Foro por el Progreso de Tenerife\"},\"image\":{\"@id\":\"https:\/\/foroprogresotenerife.org\/#\/schema\/logo\/image\/\"},\"sameAs\":[\"https:\/\/www.linkedin.com\/company\/foro-progreso-tenerife\/\"]},{\"@type\":\"Person\",\"@id\":\"https:\/\/foroprogresotenerife.org\/#\/schema\/person\/8d308945f74d322090bbf26ab3b458d7\",\"name\":\"admin\",\"sameAs\":[\"https:\/\/foroprogresotenerife.org\"],\"url\":\"https:\/\/foroprogresotenerife.org\/index.php\/author\/desarrollo\/\"}]}<\/script>\n<!-- \/ Yoast SEO plugin. -->","yoast_head_json":{"title":"El sector empresarial de Tenerife se une para fomentar el crecimiento de la Isla y reducir los desequilibrios - Foro por el Progreso de Tenerife","robots":{"index":"noindex","follow":"follow","max-snippet":"max-snippet:-1","max-image-preview":"max-image-preview:large","max-video-preview":"max-video-preview:-1"},"og_locale":"es_ES","og_type":"article","og_title":"El sector empresarial de Tenerife se une para fomentar el crecimiento de la Isla y reducir los desequilibrios - Foro por el Progreso de Tenerife","og_description":"El Foro por el Progreso de Tenerife celebra su primer encuentro con la participaci\u00f3n del presidente del Gobierno de Canarias Un amplio grupo de empresarios y empresarias de Tenerife han decidido dar un paso al frente para unirse en el denominado Foro por el Progreso de Tenerife. El objetivo de esta nueva asociaci\u00f3n no es [&hellip;]","og_url":"https:\/\/foroprogresotenerife.org\/index.php\/2024\/03\/18\/el-sector-empresarial-de-tenerife-se-une-para-favorecer-el-crecimiento-de-la-isla-y-reducir-los-desequilibrios\/","og_site_name":"Foro por el Progreso de Tenerife","article_published_time":"2024-03-18T14:23:42+00:00","article_modified_time":"2025-11-24T18:53:02+00:00","og_image":[{"width":2560,"height":2560,"url":"https:\/\/foroprogresotenerife.org\/wp-content\/uploads\/2024\/03\/fd47071d-12ba-45c5-b608-66296facdaf6_out-2568x2568-scaled.jpg","type":"image\/jpeg"}],"author":"admin","twitter_card":"summary_large_image","twitter_misc":{"Escrito por":"admin","Tiempo de lectura":"6 minutos"},"schema":{"@context":"https:\/\/schema.org","@graph":[{"@type":"Article","@id":"https:\/\/foroprogresotenerife.org\/index.php\/2024\/03\/18\/el-sector-empresarial-de-tenerife-se-une-para-favorecer-el-crecimiento-de-la-isla-y-reducir-los-desequilibrios\/#article","isPartOf":{"@id":"https:\/\/foroprogresotenerife.org\/index.php\/2024\/03\/18\/el-sector-empresarial-de-tenerife-se-une-para-favorecer-el-crecimiento-de-la-isla-y-reducir-los-desequilibrios\/"},"author":{"name":"admin","@id":"https:\/\/foroprogresotenerife.org\/#\/schema\/person\/8d308945f74d322090bbf26ab3b458d7"},"headline":"El sector empresarial de Tenerife se une para fomentar el crecimiento de la Isla y reducir los desequilibrios","datePublished":"2024-03-18T14:23:42+00:00","dateModified":"2025-11-24T18:53:02+00:00","mainEntityOfPage":{"@id":"https:\/\/foroprogresotenerife.org\/index.php\/2024\/03\/18\/el-sector-empresarial-de-tenerife-se-une-para-favorecer-el-crecimiento-de-la-isla-y-reducir-los-desequilibrios\/"},"wordCount":1041,"publisher":{"@id":"https:\/\/foroprogresotenerife.org\/#organization"},"image":{"@id":"https:\/\/foroprogresotenerife.org\/index.php\/2024\/03\/18\/el-sector-empresarial-de-tenerife-se-une-para-favorecer-el-crecimiento-de-la-isla-y-reducir-los-desequilibrios\/#primaryimage"},"thumbnailUrl":"https:\/\/foroprogresotenerife.org\/wp-content\/uploads\/2024\/03\/fd47071d-12ba-45c5-b608-66296facdaf6_out-2568x2568-scaled.jpg","articleSection":["Uncategorized"],"inLanguage":"es"},{"@type":"WebPage","@id":"https:\/\/foroprogresotenerife.org\/index.php\/2024\/03\/18\/el-sector-empresarial-de-tenerife-se-une-para-favorecer-el-crecimiento-de-la-isla-y-reducir-los-desequilibrios\/","url":"https:\/\/foroprogresotenerife.org\/index.php\/2024\/03\/18\/el-sector-empresarial-de-tenerife-se-une-para-favorecer-el-crecimiento-de-la-isla-y-reducir-los-desequilibrios\/","name":"El sector empresarial de Tenerife se une para fomentar el crecimiento de la Isla y reducir los desequilibrios - Foro por el Progreso de Tenerife","isPartOf":{"@id":"https:\/\/foroprogresotenerife.org\/#website"},"primaryImageOfPage":{"@id":"https:\/\/foroprogresotenerife.org\/index.php\/2024\/03\/18\/el-sector-empresarial-de-tenerife-se-une-para-favorecer-el-crecimiento-de-la-isla-y-reducir-los-desequilibrios\/#primaryimage"},"image":{"@id":"https:\/\/foroprogresotenerife.org\/index.php\/2024\/03\/18\/el-sector-empresarial-de-tenerife-se-une-para-favorecer-el-crecimiento-de-la-isla-y-reducir-los-desequilibrios\/#primaryimage"},"thumbnailUrl":"https:\/\/foroprogresotenerife.org\/wp-content\/uploads\/2024\/03\/fd47071d-12ba-45c5-b608-66296facdaf6_out-2568x2568-scaled.jpg","datePublished":"2024-03-18T14:23:42+00:00","dateModified":"2025-11-24T18:53:02+00:00","breadcrumb":{"@id":"https:\/\/foroprogresotenerife.org\/index.php\/2024\/03\/18\/el-sector-empresarial-de-tenerife-se-une-para-favorecer-el-crecimiento-de-la-isla-y-reducir-los-desequilibrios\/#breadcrumb"},"inLanguage":"es","potentialAction":[{"@type":"ReadAction","target":["https:\/\/foroprogresotenerife.org\/index.php\/2024\/03\/18\/el-sector-empresarial-de-tenerife-se-une-para-favorecer-el-crecimiento-de-la-isla-y-reducir-los-desequilibrios\/"]}]},{"@type":"ImageObject","inLanguage":"es","@id":"https:\/\/foroprogresotenerife.org\/index.php\/2024\/03\/18\/el-sector-empresarial-de-tenerife-se-une-para-favorecer-el-crecimiento-de-la-isla-y-reducir-los-desequilibrios\/#primaryimage","url":"https:\/\/foroprogresotenerife.org\/wp-content\/uploads\/2024\/03\/fd47071d-12ba-45c5-b608-66296facdaf6_out-2568x2568-scaled.jpg","contentUrl":"https:\/\/foroprogresotenerife.org\/wp-content\/uploads\/2024\/03\/fd47071d-12ba-45c5-b608-66296facdaf6_out-2568x2568-scaled.jpg","width":2560,"height":2560},{"@type":"BreadcrumbList","@id":"https:\/\/foroprogresotenerife.org\/index.php\/2024\/03\/18\/el-sector-empresarial-de-tenerife-se-une-para-favorecer-el-crecimiento-de-la-isla-y-reducir-los-desequilibrios\/#breadcrumb","itemListElement":[{"@type":"ListItem","position":1,"name":"Portada","item":"https:\/\/foroprogresotenerife.org\/"},{"@type":"ListItem","position":2,"name":"El sector empresarial de Tenerife se une para fomentar el crecimiento de la Isla y reducir los desequilibrios"}]},{"@type":"WebSite","@id":"https:\/\/foroprogresotenerife.org\/#website","url":"https:\/\/foroprogresotenerife.org\/","name":"Foro por el Progreso de Tenerife","description":"El sector empresarial de Tenerife se une para favorecer el crecimiento de la Isla y reducir los desequilibrios","publisher":{"@id":"https:\/\/foroprogresotenerife.org\/#organization"},"potentialAction":[{"@type":"SearchAction","target":{"@type":"EntryPoint","urlTemplate":"https:\/\/foroprogresotenerife.org\/?s={search_term_string}"},"query-input":{"@type":"PropertyValueSpecification","valueRequired":true,"valueName":"search_term_string"}}],"inLanguage":"es"},{"@type":"Organization","@id":"https:\/\/foroprogresotenerife.org\/#organization","name":"Foro por el Progreso de Tenerife","url":"https:\/\/foroprogresotenerife.org\/","logo":{"@type":"ImageObject","inLanguage":"es","@id":"https:\/\/foroprogresotenerife.org\/#\/schema\/logo\/image\/","url":"https:\/\/foroprogresotenerife.org\/wp-content\/uploads\/2024\/03\/cropped-icono.png","contentUrl":"https:\/\/foroprogresotenerife.org\/wp-content\/uploads\/2024\/03\/cropped-icono.png","width":512,"height":512,"caption":"Foro por el Progreso de Tenerife"},"image":{"@id":"https:\/\/foroprogresotenerife.org\/#\/schema\/logo\/image\/"},"sameAs":["https:\/\/www.linkedin.com\/company\/foro-progreso-tenerife\/"]},{"@type":"Person","@id":"https:\/\/foroprogresotenerife.org\/#\/schema\/person\/8d308945f74d322090bbf26ab3b458d7","name":"admin","sameAs":["https:\/\/foroprogresotenerife.org"],"url":"https:\/\/foroprogresotenerife.org\/index.php\/author\/desarrollo\/"}]}},"_links":{"self":[{"href":"https:\/\/foroprogresotenerife.org\/index.php\/wp-json\/wp\/v2\/posts\/113","targetHints":{"allow":["GET"]}}],"collection":[{"href":"https:\/\/foroprogresotenerife.org\/index.php\/wp-json\/wp\/v2\/posts"}],"about":[{"href":"https:\/\/foroprogresotenerife.org\/index.php\/wp-json\/wp\/v2\/types\/post"}],"author":[{"embeddable":true,"href":"https:\/\/foroprogresotenerife.org\/index.php\/wp-json\/wp\/v2\/users\/1"}],"replies":[{"embeddable":true,"href":"https:\/\/foroprogresotenerife.org\/index.php\/wp-json\/wp\/v2\/comments?post=113"}],"version-history":[{"count":9,"href":"https:\/\/foroprogresotenerife.org\/index.php\/wp-json\/wp\/v2\/posts\/113\/revisions"}],"predecessor-version":[{"id":364,"href":"https:\/\/foroprogresotenerife.org\/index.php\/wp-json\/wp\/v2\/posts\/113\/revisions\/364"}],"wp:featuredmedia":[{"embeddable":true,"href":"https:\/\/foroprogresotenerife.org\/index.php\/wp-json\/wp\/v2\/media\/136"}],"wp:attachment":[{"href":"https:\/\/foroprogresotenerife.org\/index.php\/wp-json\/wp\/v2\/media?parent=113"}],"wp:term":[{"taxonomy":"category","embeddable":true,"href":"https:\/\/foroprogresotenerife.org\/index.php\/wp-json\/wp\/v2\/categories?post=113"},{"taxonomy":"post_tag","embeddable":true,"href":"https:\/\/foroprogresotenerife.org\/index.php\/wp-json\/wp\/v2\/tags?post=113"}],"curies":[{"name":"wp","href":"https:\/\/api.w.org\/{rel}","templated":true}]}}