{"id":258,"date":"2024-03-27T11:54:17","date_gmt":"2024-03-27T11:54:17","guid":{"rendered":"https:\/\/foroprogresotenerife.org\/?p=258"},"modified":"2025-11-24T18:47:45","modified_gmt":"2025-11-24T18:47:45","slug":"favorecer-viviendas-disponibles-para-los-trabajadores-detenerife-uno-de-los-objetivos-del-foro-por-el-progreso","status":"publish","type":"post","link":"https:\/\/foroprogresotenerife.org\/index.php\/2024\/03\/27\/favorecer-viviendas-disponibles-para-los-trabajadores-detenerife-uno-de-los-objetivos-del-foro-por-el-progreso\/","title":{"rendered":"Favorecer viviendas disponibles para los trabajadores de Tenerife, uno de los objetivos del Foro por el Progreso"},"content":{"rendered":"\n<blockquote class=\"wp-block-quote is-layout-flow wp-block-quote-is-layout-flow\">\n<p><\/p>\n<cite>El vicepresidente Manuel Dom\u00ednguez asisti\u00f3 a la reuni\u00f3n en la que se dio a conocer la<br>nueva junta directiva presidida por Jes\u00fas Francisco G\u00f3mez<\/cite><\/blockquote>\n\n\n\n<p>Las dificultades que encuentran muchos trabajadores a la hora de encontrar vivienda cerca de sus puestos de trabajo ha sido uno de los temas tratados en el \u00faltimo encuentro del Foro por el Progreso de Tenerife, asociaci\u00f3n creada recientemente por un grupo de empresarios para impulsar el potencial de crecimiento que tiene Tenerife en el conjunto del Archipi\u00e9lago. En el citado encuentro, que cont\u00f3 con la asistencia del vicepresidente del Gobierno de Canarias, Manuel Dominguez, se procedi\u00f3 al nombramiento de los miembros de la junta directiva que estar\u00e1 presidida por Jes\u00fas Francisco G\u00f3mez.<\/p>\n\n\n\n<p><br>La disponibilidad de vivienda a precios asequibles es sin duda uno de los asuntos prioritarios. Un problema que en Tenerife se agrava si tenemos en cuenta nuestra presi\u00f3n demogr\u00e1fica con un aumento de poblaci\u00f3n en el \u00faltimo a\u00f1o de 13.000 habitantes que nos llevan a un incremento poblacional del 33 por ciento desde el a\u00f1o 2000, adem\u00e1s de otros usos no residenciales que se ven agravados por la falta de nueva oferta y disponibilidad de suelo finalista. Ante esta situaci\u00f3n el Foro se ha marcado entre los principales desaf\u00edos acelerar la puesta en servicio de viviendas no finalizadas, facilitar la gesti\u00f3n urban\u00edstica de suelos programados, analizar la normativa para vivienda vacacional, adem\u00e1s de analizar asuntos como la morosidad o la ocupaci\u00f3n ilegal y construcci\u00f3n de viviendas en alquiler asequible. Para ello el Foro ha organizado un grupo de trabajo que se centrar\u00e1 en abordar la situaci\u00f3n con expertos que facilitar\u00e1n conclusiones efectivas.<\/p>\n\n\n\n<p><br>Sobre este asunto, Manuel Dom\u00ednguez habl\u00f3 en el encuentro sobre la nueva ley de vivienda vacacional y c\u00f3mo puede mejorar la actual situaci\u00f3n, adem\u00e1s de avanzar en otras medidas que tienen que ver con la puesta a disposici\u00f3n del sector empresarial de suelo p\u00fablico para la construcci\u00f3n de viviendas que ayuden a paliar este problema. Otro de los asuntos prioritarios para el Foro y que tambi\u00e9n cit\u00f3 Dom\u00ednguez en el encuentro tiene que ver con las dificultades que tienen las empresas para contratar personal cualificado en determinadas ramas. Para ello se han marcado otros objetivos tendentes a la adaptaci\u00f3n de la oferta formativa a la de empleo anual, una mayor responsabilidad del sector productivo en la formaci\u00f3n dual, incremento de la productividad como v\u00eda para el aumento de la relaci\u00f3n salarios\/rentas m\u00ednimas, desarrollo de una mayor diversificaci\u00f3n econ\u00f3mica sectorial, mejora de la movilidad geogr\u00e1fica laboral as\u00ed como el papel que juegan las Universidades en todo este proceso. Para este y todos los asuntos que aborde la asociaci\u00f3n se promover\u00e1 el an\u00e1lisis y el debate en colaboraci\u00f3n con otros actores econ\u00f3micos y sociales y tambi\u00e9n con la administraci\u00f3n en los temas que se consideren esenciales para reducir los desequilibrios econ\u00f3micos y sociales que lastran nuestro desarrollo.<\/p>\n\n\n\n<p><\/p>\n\n\n\n<p>En cuanto al organigrama, junto al presidente, la junta directiva estar\u00e1 conformada por<br>Carmen Garcia (vicepresidenta responsable de Talento y condiciones de vida),<br>Antonio Armas (vicepresidente en materia de Infraestructuras), Enrique Alfonso (vicepresidente de Innovaci\u00f3n) y Arturo Escuder (Tesorero).<\/p>\n\n\n\n<div id=\"wp-block-themeisle-blocks-slider-d236654e\" class=\"wp-block-themeisle-blocks-slider glide\" data-per-view=\"1\" data-gap=\"0\" data-peek=\"0\" data-autoplay=\"true\" data-height=\"400px\" data-hide-arrows=\"false\"><div class=\"glide__track\" data-glide-el=\"track\"><div class=\"glide__slides\"><div class=\"wp-block-themeisle-blocks-slider-item-wrapper glide__slide\" tabindex=\"0\"><figure><img decoding=\"async\" class=\"wp-block-themeisle-blocks-slider-item\" src=\"https:\/\/foroprogresotenerife.org\/wp-content\/uploads\/2024\/03\/24-03-19_FORO_II051_.jpg\" alt=\"El vicepresidente Manuel Dom\u00ednguez asisti\u00f3 a la reuni\u00f3n en la que se dio a conocer la nueva junta directiva presidida por Jes\u00fas Francisco G\u00f3mez\" title=\"El vicepresidente Manuel Dom\u00ednguez asisti\u00f3 a la reuni\u00f3n en la que se dio a conocer la nueva junta directiva presidida por Jes\u00fas Francisco G\u00f3mez\" data-id=\"261\"\/><\/figure><\/div><div class=\"wp-block-themeisle-blocks-slider-item-wrapper glide__slide\" tabindex=\"0\"><figure><img decoding=\"async\" class=\"wp-block-themeisle-blocks-slider-item\" src=\"https:\/\/foroprogresotenerife.org\/wp-content\/uploads\/2024\/03\/24-03-19_FORO_II045_.jpg\" alt=\"\" title=\"\" data-id=\"295\"\/><\/figure><\/div><div class=\"wp-block-themeisle-blocks-slider-item-wrapper glide__slide\" tabindex=\"0\"><figure><img decoding=\"async\" class=\"wp-block-themeisle-blocks-slider-item\" src=\"https:\/\/foroprogresotenerife.org\/wp-content\/uploads\/2024\/03\/24-03-19_FORO_II042_.jpg\" alt=\"\" title=\"\" data-id=\"294\"\/><\/figure><\/div><div class=\"wp-block-themeisle-blocks-slider-item-wrapper glide__slide\" tabindex=\"0\"><figure><img decoding=\"async\" class=\"wp-block-themeisle-blocks-slider-item\" src=\"https:\/\/foroprogresotenerife.org\/wp-content\/uploads\/2024\/03\/24-03-19_FORO_II036_.jpg\" alt=\"\" title=\"\" data-id=\"293\"\/><\/figure><\/div><div class=\"wp-block-themeisle-blocks-slider-item-wrapper glide__slide\" tabindex=\"0\"><figure><img decoding=\"async\" class=\"wp-block-themeisle-blocks-slider-item\" src=\"https:\/\/foroprogresotenerife.org\/wp-content\/uploads\/2024\/03\/24-03-19_FORO_II034_.jpg\" alt=\"\" title=\"\" data-id=\"292\"\/><\/figure><\/div><div class=\"wp-block-themeisle-blocks-slider-item-wrapper glide__slide\" tabindex=\"0\"><figure><img decoding=\"async\" class=\"wp-block-themeisle-blocks-slider-item\" src=\"https:\/\/foroprogresotenerife.org\/wp-content\/uploads\/2024\/03\/24-03-19_FORO_II033_.jpg\" alt=\"\" title=\"\" data-id=\"291\"\/><\/figure><\/div><div class=\"wp-block-themeisle-blocks-slider-item-wrapper glide__slide\" tabindex=\"0\"><figure><img decoding=\"async\" class=\"wp-block-themeisle-blocks-slider-item\" src=\"https:\/\/foroprogresotenerife.org\/wp-content\/uploads\/2024\/03\/24-03-19_FORO_II032_.jpg\" alt=\"\" title=\"\" data-id=\"290\"\/><\/figure><\/div><div class=\"wp-block-themeisle-blocks-slider-item-wrapper glide__slide\" tabindex=\"0\"><figure><img decoding=\"async\" class=\"wp-block-themeisle-blocks-slider-item\" src=\"https:\/\/foroprogresotenerife.org\/wp-content\/uploads\/2024\/03\/24-03-19_FORO_II028_.jpg\" alt=\"\" title=\"\" data-id=\"289\"\/><\/figure><\/div><div class=\"wp-block-themeisle-blocks-slider-item-wrapper glide__slide\" tabindex=\"0\"><figure><img decoding=\"async\" class=\"wp-block-themeisle-blocks-slider-item\" src=\"https:\/\/foroprogresotenerife.org\/wp-content\/uploads\/2024\/03\/24-03-19_FORO_II027_.jpg\" alt=\"\" title=\"\" data-id=\"288\"\/><\/figure><\/div><div class=\"wp-block-themeisle-blocks-slider-item-wrapper glide__slide\" tabindex=\"0\"><figure><img decoding=\"async\" class=\"wp-block-themeisle-blocks-slider-item\" src=\"https:\/\/foroprogresotenerife.org\/wp-content\/uploads\/2024\/03\/24-03-19__FORO_PROGRESO_TENERIFE_II_TC_05.jpg\" alt=\"\" title=\"\" data-id=\"287\"\/><\/figure><\/div><div class=\"wp-block-themeisle-blocks-slider-item-wrapper glide__slide\" tabindex=\"0\"><figure><img decoding=\"async\" class=\"wp-block-themeisle-blocks-slider-item\" src=\"https:\/\/foroprogresotenerife.org\/wp-content\/uploads\/2024\/03\/24-03-19_FORO_II044_.jpg\" alt=\"\" title=\"\" data-id=\"286\"\/><\/figure><\/div><div class=\"wp-block-themeisle-blocks-slider-item-wrapper glide__slide\" tabindex=\"0\"><figure><img decoding=\"async\" class=\"wp-block-themeisle-blocks-slider-item\" src=\"https:\/\/foroprogresotenerife.org\/wp-content\/uploads\/2024\/03\/24-03-19_FORO_II043_.jpg\" alt=\"\" title=\"\" data-id=\"285\"\/><\/figure><\/div><div class=\"wp-block-themeisle-blocks-slider-item-wrapper glide__slide\" tabindex=\"0\"><figure><img decoding=\"async\" class=\"wp-block-themeisle-blocks-slider-item\" src=\"https:\/\/foroprogresotenerife.org\/wp-content\/uploads\/2024\/03\/24-03-19_FORO_II038_.jpg\" alt=\"\" title=\"\" data-id=\"284\"\/><\/figure><\/div><div class=\"wp-block-themeisle-blocks-slider-item-wrapper glide__slide\" tabindex=\"0\"><figure><img decoding=\"async\" class=\"wp-block-themeisle-blocks-slider-item\" src=\"https:\/\/foroprogresotenerife.org\/wp-content\/uploads\/2024\/03\/24-03-19_FORO_II037_.jpg\" alt=\"\" title=\"\" data-id=\"283\"\/><\/figure><\/div><div class=\"wp-block-themeisle-blocks-slider-item-wrapper glide__slide\" tabindex=\"0\"><figure><img decoding=\"async\" class=\"wp-block-themeisle-blocks-slider-item\" src=\"https:\/\/foroprogresotenerife.org\/wp-content\/uploads\/2024\/03\/24-03-19__FORO_PROGRESO_TENERIFE_TC_003.jpg\" alt=\"\" title=\"\" data-id=\"282\"\/><\/figure><\/div><div class=\"wp-block-themeisle-blocks-slider-item-wrapper glide__slide\" tabindex=\"0\"><figure><img decoding=\"async\" class=\"wp-block-themeisle-blocks-slider-item\" src=\"https:\/\/foroprogresotenerife.org\/wp-content\/uploads\/2024\/03\/24-03-19__FORO_PROGRESO_TENERIFE_II_TC_11.jpg\" alt=\"\" title=\"\" data-id=\"281\"\/><\/figure><\/div><div class=\"wp-block-themeisle-blocks-slider-item-wrapper glide__slide\" tabindex=\"0\"><figure><img decoding=\"async\" class=\"wp-block-themeisle-blocks-slider-item\" src=\"https:\/\/foroprogresotenerife.org\/wp-content\/uploads\/2024\/03\/24-03-19__FORO_PROGRESO_TENERIFE_II_TC_10.jpg\" alt=\"\" title=\"\" data-id=\"280\"\/><\/figure><\/div><div class=\"wp-block-themeisle-blocks-slider-item-wrapper glide__slide\" tabindex=\"0\"><figure><img decoding=\"async\" class=\"wp-block-themeisle-blocks-slider-item\" src=\"https:\/\/foroprogresotenerife.org\/wp-content\/uploads\/2024\/03\/24-03-19__FORO_PROGRESO_TENERIFE_II_TC_09.jpg\" alt=\"\" title=\"\" data-id=\"279\"\/><\/figure><\/div><div class=\"wp-block-themeisle-blocks-slider-item-wrapper glide__slide\" tabindex=\"0\"><figure><img decoding=\"async\" class=\"wp-block-themeisle-blocks-slider-item\" src=\"https:\/\/foroprogresotenerife.org\/wp-content\/uploads\/2024\/03\/24-03-19__FORO_PROGRESO_TENERIFE_II_TC_07.jpg\" alt=\"\" title=\"\" data-id=\"278\"\/><\/figure><\/div><div class=\"wp-block-themeisle-blocks-slider-item-wrapper glide__slide\" tabindex=\"0\"><figure><img decoding=\"async\" class=\"wp-block-themeisle-blocks-slider-item\" src=\"https:\/\/foroprogresotenerife.org\/wp-content\/uploads\/2024\/03\/24-03-19__FORO_PROGRESO_TENERIFE_II_TC_03.jpg\" alt=\"\" title=\"\" data-id=\"277\"\/><\/figure><\/div><div class=\"wp-block-themeisle-blocks-slider-item-wrapper glide__slide\" tabindex=\"0\"><figure><img decoding=\"async\" class=\"wp-block-themeisle-blocks-slider-item\" src=\"https:\/\/foroprogresotenerife.org\/wp-content\/uploads\/2024\/03\/24-03-19_FORO_II040_.jpg\" alt=\"\" title=\"\" data-id=\"276\"\/><\/figure><\/div><div class=\"wp-block-themeisle-blocks-slider-item-wrapper glide__slide\" tabindex=\"0\"><figure><img decoding=\"async\" class=\"wp-block-themeisle-blocks-slider-item\" src=\"https:\/\/foroprogresotenerife.org\/wp-content\/uploads\/2024\/03\/24-03-19_FORO_II039_.jpg\" alt=\"\" title=\"\" data-id=\"275\"\/><\/figure><\/div><div class=\"wp-block-themeisle-blocks-slider-item-wrapper glide__slide\" tabindex=\"0\"><figure><img decoding=\"async\" class=\"wp-block-themeisle-blocks-slider-item\" src=\"https:\/\/foroprogresotenerife.org\/wp-content\/uploads\/2024\/03\/24-03-19_FORO_II035_.jpg\" alt=\"\" title=\"\" data-id=\"274\"\/><\/figure><\/div><div class=\"wp-block-themeisle-blocks-slider-item-wrapper glide__slide\" tabindex=\"0\"><figure><img decoding=\"async\" class=\"wp-block-themeisle-blocks-slider-item\" src=\"https:\/\/foroprogresotenerife.org\/wp-content\/uploads\/2024\/03\/24-03-19_FORO_II031_.jpg\" alt=\"\" title=\"\" data-id=\"273\"\/><\/figure><\/div><div class=\"wp-block-themeisle-blocks-slider-item-wrapper glide__slide\" tabindex=\"0\"><figure><img decoding=\"async\" class=\"wp-block-themeisle-blocks-slider-item\" src=\"https:\/\/foroprogresotenerife.org\/wp-content\/uploads\/2024\/03\/24-03-19_FORO_II029_.jpg\" alt=\"\" title=\"\" data-id=\"272\"\/><\/figure><\/div><div class=\"wp-block-themeisle-blocks-slider-item-wrapper glide__slide\" tabindex=\"0\"><figure><img decoding=\"async\" class=\"wp-block-themeisle-blocks-slider-item\" src=\"https:\/\/foroprogresotenerife.org\/wp-content\/uploads\/2024\/03\/24-03-19__FORO_PROGRESO_TENERIFE_TC_008.jpg\" alt=\"\" title=\"\" data-id=\"271\"\/><\/figure><\/div><div class=\"wp-block-themeisle-blocks-slider-item-wrapper glide__slide\" tabindex=\"0\"><figure><img decoding=\"async\" class=\"wp-block-themeisle-blocks-slider-item\" src=\"https:\/\/foroprogresotenerife.org\/wp-content\/uploads\/2024\/03\/24-03-19__FORO_PROGRESO_TENERIFE_TC_004.jpg\" alt=\"\" title=\"\" data-id=\"270\"\/><\/figure><\/div><div class=\"wp-block-themeisle-blocks-slider-item-wrapper glide__slide\" tabindex=\"0\"><figure><img decoding=\"async\" class=\"wp-block-themeisle-blocks-slider-item\" src=\"https:\/\/foroprogresotenerife.org\/wp-content\/uploads\/2024\/03\/24-03-19_FORO_II051_-1.jpg\" alt=\"\" title=\"\" data-id=\"269\"\/><\/figure><\/div><div class=\"wp-block-themeisle-blocks-slider-item-wrapper glide__slide\" tabindex=\"0\"><figure><img decoding=\"async\" class=\"wp-block-themeisle-blocks-slider-item\" src=\"https:\/\/foroprogresotenerife.org\/wp-content\/uploads\/2024\/03\/24-03-19_FORO_II050_.jpg\" alt=\"\" title=\"\" data-id=\"268\"\/><\/figure><\/div><div class=\"wp-block-themeisle-blocks-slider-item-wrapper glide__slide\" tabindex=\"0\"><figure><img decoding=\"async\" class=\"wp-block-themeisle-blocks-slider-item\" src=\"https:\/\/foroprogresotenerife.org\/wp-content\/uploads\/2024\/03\/24-03-19_FORO_II049_.jpg\" alt=\"\" title=\"\" data-id=\"267\"\/><\/figure><\/div><div class=\"wp-block-themeisle-blocks-slider-item-wrapper glide__slide\" tabindex=\"0\"><figure><img decoding=\"async\" class=\"wp-block-themeisle-blocks-slider-item\" src=\"https:\/\/foroprogresotenerife.org\/wp-content\/uploads\/2024\/03\/24-03-19_FORO_II048_.jpg\" alt=\"\" title=\"\" data-id=\"266\"\/><\/figure><\/div><div class=\"wp-block-themeisle-blocks-slider-item-wrapper glide__slide\" tabindex=\"0\"><figure><img decoding=\"async\" class=\"wp-block-themeisle-blocks-slider-item\" src=\"https:\/\/foroprogresotenerife.org\/wp-content\/uploads\/2024\/03\/24-03-19_FORO_II047_.jpg\" alt=\"\" title=\"\" data-id=\"265\"\/><\/figure><\/div><div class=\"wp-block-themeisle-blocks-slider-item-wrapper glide__slide\" tabindex=\"0\"><figure><img decoding=\"async\" class=\"wp-block-themeisle-blocks-slider-item\" src=\"https:\/\/foroprogresotenerife.org\/wp-content\/uploads\/2024\/03\/24-03-19_FORO_II046_.jpg\" alt=\"\" title=\"\" data-id=\"264\"\/><\/figure><\/div><\/div><div class=\"glide__bullets\" data-glide-el=\"controls[nav]\"><button class=\"glide__bullet\" data-glide-dir=\"=0\"><\/button><button class=\"glide__bullet\" data-glide-dir=\"=1\"><\/button><button class=\"glide__bullet\" data-glide-dir=\"=2\"><\/button><button class=\"glide__bullet\" data-glide-dir=\"=3\"><\/button><button class=\"glide__bullet\" data-glide-dir=\"=4\"><\/button><button class=\"glide__bullet\" data-glide-dir=\"=5\"><\/button><button class=\"glide__bullet\" data-glide-dir=\"=6\"><\/button><button class=\"glide__bullet\" data-glide-dir=\"=7\"><\/button><button class=\"glide__bullet\" data-glide-dir=\"=8\"><\/button><button class=\"glide__bullet\" data-glide-dir=\"=9\"><\/button><button class=\"glide__bullet\" data-glide-dir=\"=10\"><\/button><button class=\"glide__bullet\" data-glide-dir=\"=11\"><\/button><button class=\"glide__bullet\" data-glide-dir=\"=12\"><\/button><button class=\"glide__bullet\" data-glide-dir=\"=13\"><\/button><button class=\"glide__bullet\" data-glide-dir=\"=14\"><\/button><button class=\"glide__bullet\" data-glide-dir=\"=15\"><\/button><button class=\"glide__bullet\" data-glide-dir=\"=16\"><\/button><button class=\"glide__bullet\" data-glide-dir=\"=17\"><\/button><button class=\"glide__bullet\" data-glide-dir=\"=18\"><\/button><button class=\"glide__bullet\" data-glide-dir=\"=19\"><\/button><button class=\"glide__bullet\" data-glide-dir=\"=20\"><\/button><button class=\"glide__bullet\" data-glide-dir=\"=21\"><\/button><button class=\"glide__bullet\" data-glide-dir=\"=22\"><\/button><button class=\"glide__bullet\" data-glide-dir=\"=23\"><\/button><button class=\"glide__bullet\" data-glide-dir=\"=24\"><\/button><button class=\"glide__bullet\" data-glide-dir=\"=25\"><\/button><button class=\"glide__bullet\" data-glide-dir=\"=26\"><\/button><button class=\"glide__bullet\" data-glide-dir=\"=27\"><\/button><button class=\"glide__bullet\" data-glide-dir=\"=28\"><\/button><button class=\"glide__bullet\" data-glide-dir=\"=29\"><\/button><button class=\"glide__bullet\" data-glide-dir=\"=30\"><\/button><button class=\"glide__bullet\" data-glide-dir=\"=31\"><\/button><button class=\"glide__bullet\" data-glide-dir=\"=32\"><\/button><\/div><\/div><\/div>\n","protected":false},"excerpt":{"rendered":"<p>El vicepresidente Manuel Dom\u00ednguez asisti\u00f3 a la reuni\u00f3n en la que se dio a conocer lanueva junta directiva presidida por Jes\u00fas Francisco G\u00f3mez Las dificultades que encuentran muchos trabajadores a la hora de encontrar vivienda cerca de sus puestos de trabajo ha sido uno de los temas tratados en el \u00faltimo encuentro del Foro por [&hellip;]<\/p>\n","protected":false},"author":3,"featured_media":292,"comment_status":"closed","ping_status":"closed","sticky":false,"template":"","format":"standard","meta":{"_et_pb_use_builder":"","_et_pb_old_content":"","_et_gb_content_width":"","_themeisle_gutenberg_block_has_review":false,"footnotes":""},"categories":[5],"tags":[],"class_list":["post-258","post","type-post","status-publish","format-standard","has-post-thumbnail","hentry","category-vivienda"],"yoast_head":"<!-- This site is optimized with the Yoast SEO plugin v26.4 - https:\/\/yoast.com\/wordpress\/plugins\/seo\/ -->\n<title>Favorecer viviendas disponibles para los trabajadores de Tenerife, uno de los objetivos del Foro por el Progreso - Foro por el Progreso de Tenerife<\/title>\n<meta name=\"description\" content=\"El vicepresidente Manuel Dom\u00ednguez asisti\u00f3 a la reuni\u00f3n en la que se dio a conocer lanueva junta directiva presidida por Jes\u00fas Francisco G\u00f3mez\" \/>\n<meta name=\"robots\" content=\"noindex, follow, max-snippet:-1, max-image-preview:large, max-video-preview:-1\" \/>\n<meta property=\"og:locale\" content=\"es_ES\" \/>\n<meta property=\"og:type\" content=\"article\" \/>\n<meta property=\"og:title\" content=\"Favorecer viviendas disponibles para los trabajadores de Tenerife, uno de los objetivos del Foro por el Progreso - Foro por el Progreso de Tenerife\" \/>\n<meta property=\"og:description\" content=\"El vicepresidente Manuel Dom\u00ednguez asisti\u00f3 a la reuni\u00f3n en la que se dio a conocer lanueva junta directiva presidida por Jes\u00fas Francisco G\u00f3mez\" \/>\n<meta property=\"og:url\" content=\"https:\/\/foroprogresotenerife.org\/index.php\/2024\/03\/27\/favorecer-viviendas-disponibles-para-los-trabajadores-detenerife-uno-de-los-objetivos-del-foro-por-el-progreso\/\" \/>\n<meta property=\"og:site_name\" content=\"Foro por el Progreso de Tenerife\" \/>\n<meta property=\"article:published_time\" content=\"2024-03-27T11:54:17+00:00\" \/>\n<meta property=\"article:modified_time\" content=\"2025-11-24T18:47:45+00:00\" \/>\n<meta property=\"og:image\" content=\"https:\/\/foroprogresotenerife.org\/wp-content\/uploads\/2024\/03\/24-03-19_FORO_II034_-1024x768.jpg\" \/>\n\t<meta property=\"og:image:width\" content=\"1024\" \/>\n\t<meta property=\"og:image:height\" content=\"768\" \/>\n\t<meta property=\"og:image:type\" content=\"image\/jpeg\" \/>\n<meta name=\"author\" content=\"Marta Gonz\u00e1lez-Casanova Rodr\u00edguez\" \/>\n<meta name=\"twitter:card\" content=\"summary_large_image\" \/>\n<meta name=\"twitter:label1\" content=\"Escrito por\" \/>\n\t<meta name=\"twitter:data1\" content=\"Marta Gonz\u00e1lez-Casanova Rodr\u00edguez\" \/>\n\t<meta name=\"twitter:label2\" content=\"Tiempo de lectura\" \/>\n\t<meta name=\"twitter:data2\" content=\"10 minutos\" \/>\n<script type=\"application\/ld+json\" class=\"yoast-schema-graph\">{\"@context\":\"https:\/\/schema.org\",\"@graph\":[{\"@type\":\"Article\",\"@id\":\"https:\/\/foroprogresotenerife.org\/index.php\/2024\/03\/27\/favorecer-viviendas-disponibles-para-los-trabajadores-detenerife-uno-de-los-objetivos-del-foro-por-el-progreso\/#article\",\"isPartOf\":{\"@id\":\"https:\/\/foroprogresotenerife.org\/index.php\/2024\/03\/27\/favorecer-viviendas-disponibles-para-los-trabajadores-detenerife-uno-de-los-objetivos-del-foro-por-el-progreso\/\"},\"author\":{\"name\":\"Marta Gonz\u00e1lez-Casanova Rodr\u00edguez\",\"@id\":\"https:\/\/foroprogresotenerife.org\/#\/schema\/person\/cfda2e435a521aebf466fa8d6b3f5438\"},\"headline\":\"Favorecer viviendas disponibles para los trabajadores de Tenerife, uno de los objetivos del Foro por el Progreso\",\"datePublished\":\"2024-03-27T11:54:17+00:00\",\"dateModified\":\"2025-11-24T18:47:45+00:00\",\"mainEntityOfPage\":{\"@id\":\"https:\/\/foroprogresotenerife.org\/index.php\/2024\/03\/27\/favorecer-viviendas-disponibles-para-los-trabajadores-detenerife-uno-de-los-objetivos-del-foro-por-el-progreso\/\"},\"wordCount\":574,\"publisher\":{\"@id\":\"https:\/\/foroprogresotenerife.org\/#organization\"},\"image\":{\"@id\":\"https:\/\/foroprogresotenerife.org\/index.php\/2024\/03\/27\/favorecer-viviendas-disponibles-para-los-trabajadores-detenerife-uno-de-los-objetivos-del-foro-por-el-progreso\/#primaryimage\"},\"thumbnailUrl\":\"https:\/\/foroprogresotenerife.org\/wp-content\/uploads\/2024\/03\/24-03-19_FORO_II034_.jpg\",\"articleSection\":[\"Vivienda\"],\"inLanguage\":\"es\"},{\"@type\":\"WebPage\",\"@id\":\"https:\/\/foroprogresotenerife.org\/index.php\/2024\/03\/27\/favorecer-viviendas-disponibles-para-los-trabajadores-detenerife-uno-de-los-objetivos-del-foro-por-el-progreso\/\",\"url\":\"https:\/\/foroprogresotenerife.org\/index.php\/2024\/03\/27\/favorecer-viviendas-disponibles-para-los-trabajadores-detenerife-uno-de-los-objetivos-del-foro-por-el-progreso\/\",\"name\":\"Favorecer viviendas disponibles para los trabajadores de Tenerife, uno de los objetivos del Foro por el Progreso - Foro por el Progreso de Tenerife\",\"isPartOf\":{\"@id\":\"https:\/\/foroprogresotenerife.org\/#website\"},\"primaryImageOfPage\":{\"@id\":\"https:\/\/foroprogresotenerife.org\/index.php\/2024\/03\/27\/favorecer-viviendas-disponibles-para-los-trabajadores-detenerife-uno-de-los-objetivos-del-foro-por-el-progreso\/#primaryimage\"},\"image\":{\"@id\":\"https:\/\/foroprogresotenerife.org\/index.php\/2024\/03\/27\/favorecer-viviendas-disponibles-para-los-trabajadores-detenerife-uno-de-los-objetivos-del-foro-por-el-progreso\/#primaryimage\"},\"thumbnailUrl\":\"https:\/\/foroprogresotenerife.org\/wp-content\/uploads\/2024\/03\/24-03-19_FORO_II034_.jpg\",\"datePublished\":\"2024-03-27T11:54:17+00:00\",\"dateModified\":\"2025-11-24T18:47:45+00:00\",\"description\":\"El vicepresidente Manuel Dom\u00ednguez asisti\u00f3 a la reuni\u00f3n en la que se dio a conocer lanueva junta directiva presidida por Jes\u00fas Francisco G\u00f3mez\",\"breadcrumb\":{\"@id\":\"https:\/\/foroprogresotenerife.org\/index.php\/2024\/03\/27\/favorecer-viviendas-disponibles-para-los-trabajadores-detenerife-uno-de-los-objetivos-del-foro-por-el-progreso\/#breadcrumb\"},\"inLanguage\":\"es\",\"potentialAction\":[{\"@type\":\"ReadAction\",\"target\":[\"https:\/\/foroprogresotenerife.org\/index.php\/2024\/03\/27\/favorecer-viviendas-disponibles-para-los-trabajadores-detenerife-uno-de-los-objetivos-del-foro-por-el-progreso\/\"]}]},{\"@type\":\"ImageObject\",\"inLanguage\":\"es\",\"@id\":\"https:\/\/foroprogresotenerife.org\/index.php\/2024\/03\/27\/favorecer-viviendas-disponibles-para-los-trabajadores-detenerife-uno-de-los-objetivos-del-foro-por-el-progreso\/#primaryimage\",\"url\":\"https:\/\/foroprogresotenerife.org\/wp-content\/uploads\/2024\/03\/24-03-19_FORO_II034_.jpg\",\"contentUrl\":\"https:\/\/foroprogresotenerife.org\/wp-content\/uploads\/2024\/03\/24-03-19_FORO_II034_.jpg\",\"width\":2000,\"height\":1500},{\"@type\":\"BreadcrumbList\",\"@id\":\"https:\/\/foroprogresotenerife.org\/index.php\/2024\/03\/27\/favorecer-viviendas-disponibles-para-los-trabajadores-detenerife-uno-de-los-objetivos-del-foro-por-el-progreso\/#breadcrumb\",\"itemListElement\":[{\"@type\":\"ListItem\",\"position\":1,\"name\":\"Portada\",\"item\":\"https:\/\/foroprogresotenerife.org\/\"},{\"@type\":\"ListItem\",\"position\":2,\"name\":\"Favorecer viviendas disponibles para los trabajadores de Tenerife, uno de los objetivos del Foro por el Progreso\"}]},{\"@type\":\"WebSite\",\"@id\":\"https:\/\/foroprogresotenerife.org\/#website\",\"url\":\"https:\/\/foroprogresotenerife.org\/\",\"name\":\"Foro por el Progreso de Tenerife\",\"description\":\"El sector empresarial de Tenerife se une para favorecer el crecimiento de la Isla y reducir los desequilibrios\",\"publisher\":{\"@id\":\"https:\/\/foroprogresotenerife.org\/#organization\"},\"potentialAction\":[{\"@type\":\"SearchAction\",\"target\":{\"@type\":\"EntryPoint\",\"urlTemplate\":\"https:\/\/foroprogresotenerife.org\/?s={search_term_string}\"},\"query-input\":{\"@type\":\"PropertyValueSpecification\",\"valueRequired\":true,\"valueName\":\"search_term_string\"}}],\"inLanguage\":\"es\"},{\"@type\":\"Organization\",\"@id\":\"https:\/\/foroprogresotenerife.org\/#organization\",\"name\":\"Foro por el Progreso de Tenerife\",\"url\":\"https:\/\/foroprogresotenerife.org\/\",\"logo\":{\"@type\":\"ImageObject\",\"inLanguage\":\"es\",\"@id\":\"https:\/\/foroprogresotenerife.org\/#\/schema\/logo\/image\/\",\"url\":\"https:\/\/foroprogresotenerife.org\/wp-content\/uploads\/2024\/03\/cropped-icono.png\",\"contentUrl\":\"https:\/\/foroprogresotenerife.org\/wp-content\/uploads\/2024\/03\/cropped-icono.png\",\"width\":512,\"height\":512,\"caption\":\"Foro por el Progreso de Tenerife\"},\"image\":{\"@id\":\"https:\/\/foroprogresotenerife.org\/#\/schema\/logo\/image\/\"},\"sameAs\":[\"https:\/\/www.linkedin.com\/company\/foro-progreso-tenerife\/\"]},{\"@type\":\"Person\",\"@id\":\"https:\/\/foroprogresotenerife.org\/#\/schema\/person\/cfda2e435a521aebf466fa8d6b3f5438\",\"name\":\"Marta Gonz\u00e1lez-Casanova Rodr\u00edguez\",\"url\":\"https:\/\/foroprogresotenerife.org\/index.php\/author\/marta-casanova\/\"}]}<\/script>\n<!-- \/ Yoast SEO plugin. -->","yoast_head_json":{"title":"Favorecer viviendas disponibles para los trabajadores de Tenerife, uno de los objetivos del Foro por el Progreso - Foro por el Progreso de Tenerife","description":"El vicepresidente Manuel Dom\u00ednguez asisti\u00f3 a la reuni\u00f3n en la que se dio a conocer lanueva junta directiva presidida por Jes\u00fas Francisco G\u00f3mez","robots":{"index":"noindex","follow":"follow","max-snippet":"max-snippet:-1","max-image-preview":"max-image-preview:large","max-video-preview":"max-video-preview:-1"},"og_locale":"es_ES","og_type":"article","og_title":"Favorecer viviendas disponibles para los trabajadores de Tenerife, uno de los objetivos del Foro por el Progreso - Foro por el Progreso de Tenerife","og_description":"El vicepresidente Manuel Dom\u00ednguez asisti\u00f3 a la reuni\u00f3n en la que se dio a conocer lanueva junta directiva presidida por Jes\u00fas Francisco G\u00f3mez","og_url":"https:\/\/foroprogresotenerife.org\/index.php\/2024\/03\/27\/favorecer-viviendas-disponibles-para-los-trabajadores-detenerife-uno-de-los-objetivos-del-foro-por-el-progreso\/","og_site_name":"Foro por el Progreso de Tenerife","article_published_time":"2024-03-27T11:54:17+00:00","article_modified_time":"2025-11-24T18:47:45+00:00","og_image":[{"width":1024,"height":768,"url":"https:\/\/foroprogresotenerife.org\/wp-content\/uploads\/2024\/03\/24-03-19_FORO_II034_-1024x768.jpg","type":"image\/jpeg"}],"author":"Marta Gonz\u00e1lez-Casanova Rodr\u00edguez","twitter_card":"summary_large_image","twitter_misc":{"Escrito por":"Marta Gonz\u00e1lez-Casanova Rodr\u00edguez","Tiempo de lectura":"10 minutos"},"schema":{"@context":"https:\/\/schema.org","@graph":[{"@type":"Article","@id":"https:\/\/foroprogresotenerife.org\/index.php\/2024\/03\/27\/favorecer-viviendas-disponibles-para-los-trabajadores-detenerife-uno-de-los-objetivos-del-foro-por-el-progreso\/#article","isPartOf":{"@id":"https:\/\/foroprogresotenerife.org\/index.php\/2024\/03\/27\/favorecer-viviendas-disponibles-para-los-trabajadores-detenerife-uno-de-los-objetivos-del-foro-por-el-progreso\/"},"author":{"name":"Marta Gonz\u00e1lez-Casanova Rodr\u00edguez","@id":"https:\/\/foroprogresotenerife.org\/#\/schema\/person\/cfda2e435a521aebf466fa8d6b3f5438"},"headline":"Favorecer viviendas disponibles para los trabajadores de Tenerife, uno de los objetivos del Foro por el Progreso","datePublished":"2024-03-27T11:54:17+00:00","dateModified":"2025-11-24T18:47:45+00:00","mainEntityOfPage":{"@id":"https:\/\/foroprogresotenerife.org\/index.php\/2024\/03\/27\/favorecer-viviendas-disponibles-para-los-trabajadores-detenerife-uno-de-los-objetivos-del-foro-por-el-progreso\/"},"wordCount":574,"publisher":{"@id":"https:\/\/foroprogresotenerife.org\/#organization"},"image":{"@id":"https:\/\/foroprogresotenerife.org\/index.php\/2024\/03\/27\/favorecer-viviendas-disponibles-para-los-trabajadores-detenerife-uno-de-los-objetivos-del-foro-por-el-progreso\/#primaryimage"},"thumbnailUrl":"https:\/\/foroprogresotenerife.org\/wp-content\/uploads\/2024\/03\/24-03-19_FORO_II034_.jpg","articleSection":["Vivienda"],"inLanguage":"es"},{"@type":"WebPage","@id":"https:\/\/foroprogresotenerife.org\/index.php\/2024\/03\/27\/favorecer-viviendas-disponibles-para-los-trabajadores-detenerife-uno-de-los-objetivos-del-foro-por-el-progreso\/","url":"https:\/\/foroprogresotenerife.org\/index.php\/2024\/03\/27\/favorecer-viviendas-disponibles-para-los-trabajadores-detenerife-uno-de-los-objetivos-del-foro-por-el-progreso\/","name":"Favorecer viviendas disponibles para los trabajadores de Tenerife, uno de los objetivos del Foro por el Progreso - Foro por el Progreso de Tenerife","isPartOf":{"@id":"https:\/\/foroprogresotenerife.org\/#website"},"primaryImageOfPage":{"@id":"https:\/\/foroprogresotenerife.org\/index.php\/2024\/03\/27\/favorecer-viviendas-disponibles-para-los-trabajadores-detenerife-uno-de-los-objetivos-del-foro-por-el-progreso\/#primaryimage"},"image":{"@id":"https:\/\/foroprogresotenerife.org\/index.php\/2024\/03\/27\/favorecer-viviendas-disponibles-para-los-trabajadores-detenerife-uno-de-los-objetivos-del-foro-por-el-progreso\/#primaryimage"},"thumbnailUrl":"https:\/\/foroprogresotenerife.org\/wp-content\/uploads\/2024\/03\/24-03-19_FORO_II034_.jpg","datePublished":"2024-03-27T11:54:17+00:00","dateModified":"2025-11-24T18:47:45+00:00","description":"El vicepresidente Manuel Dom\u00ednguez asisti\u00f3 a la reuni\u00f3n en la que se dio a conocer lanueva junta directiva presidida por Jes\u00fas Francisco G\u00f3mez","breadcrumb":{"@id":"https:\/\/foroprogresotenerife.org\/index.php\/2024\/03\/27\/favorecer-viviendas-disponibles-para-los-trabajadores-detenerife-uno-de-los-objetivos-del-foro-por-el-progreso\/#breadcrumb"},"inLanguage":"es","potentialAction":[{"@type":"ReadAction","target":["https:\/\/foroprogresotenerife.org\/index.php\/2024\/03\/27\/favorecer-viviendas-disponibles-para-los-trabajadores-detenerife-uno-de-los-objetivos-del-foro-por-el-progreso\/"]}]},{"@type":"ImageObject","inLanguage":"es","@id":"https:\/\/foroprogresotenerife.org\/index.php\/2024\/03\/27\/favorecer-viviendas-disponibles-para-los-trabajadores-detenerife-uno-de-los-objetivos-del-foro-por-el-progreso\/#primaryimage","url":"https:\/\/foroprogresotenerife.org\/wp-content\/uploads\/2024\/03\/24-03-19_FORO_II034_.jpg","contentUrl":"https:\/\/foroprogresotenerife.org\/wp-content\/uploads\/2024\/03\/24-03-19_FORO_II034_.jpg","width":2000,"height":1500},{"@type":"BreadcrumbList","@id":"https:\/\/foroprogresotenerife.org\/index.php\/2024\/03\/27\/favorecer-viviendas-disponibles-para-los-trabajadores-detenerife-uno-de-los-objetivos-del-foro-por-el-progreso\/#breadcrumb","itemListElement":[{"@type":"ListItem","position":1,"name":"Portada","item":"https:\/\/foroprogresotenerife.org\/"},{"@type":"ListItem","position":2,"name":"Favorecer viviendas disponibles para los trabajadores de Tenerife, uno de los objetivos del Foro por el Progreso"}]},{"@type":"WebSite","@id":"https:\/\/foroprogresotenerife.org\/#website","url":"https:\/\/foroprogresotenerife.org\/","name":"Foro por el Progreso de Tenerife","description":"El sector empresarial de Tenerife se une para favorecer el crecimiento de la Isla y reducir los desequilibrios","publisher":{"@id":"https:\/\/foroprogresotenerife.org\/#organization"},"potentialAction":[{"@type":"SearchAction","target":{"@type":"EntryPoint","urlTemplate":"https:\/\/foroprogresotenerife.org\/?s={search_term_string}"},"query-input":{"@type":"PropertyValueSpecification","valueRequired":true,"valueName":"search_term_string"}}],"inLanguage":"es"},{"@type":"Organization","@id":"https:\/\/foroprogresotenerife.org\/#organization","name":"Foro por el Progreso de Tenerife","url":"https:\/\/foroprogresotenerife.org\/","logo":{"@type":"ImageObject","inLanguage":"es","@id":"https:\/\/foroprogresotenerife.org\/#\/schema\/logo\/image\/","url":"https:\/\/foroprogresotenerife.org\/wp-content\/uploads\/2024\/03\/cropped-icono.png","contentUrl":"https:\/\/foroprogresotenerife.org\/wp-content\/uploads\/2024\/03\/cropped-icono.png","width":512,"height":512,"caption":"Foro por el Progreso de Tenerife"},"image":{"@id":"https:\/\/foroprogresotenerife.org\/#\/schema\/logo\/image\/"},"sameAs":["https:\/\/www.linkedin.com\/company\/foro-progreso-tenerife\/"]},{"@type":"Person","@id":"https:\/\/foroprogresotenerife.org\/#\/schema\/person\/cfda2e435a521aebf466fa8d6b3f5438","name":"Marta Gonz\u00e1lez-Casanova Rodr\u00edguez","url":"https:\/\/foroprogresotenerife.org\/index.php\/author\/marta-casanova\/"}]}},"_links":{"self":[{"href":"https:\/\/foroprogresotenerife.org\/index.php\/wp-json\/wp\/v2\/posts\/258","targetHints":{"allow":["GET"]}}],"collection":[{"href":"https:\/\/foroprogresotenerife.org\/index.php\/wp-json\/wp\/v2\/posts"}],"about":[{"href":"https:\/\/foroprogresotenerife.org\/index.php\/wp-json\/wp\/v2\/types\/post"}],"author":[{"embeddable":true,"href":"https:\/\/foroprogresotenerife.org\/index.php\/wp-json\/wp\/v2\/users\/3"}],"replies":[{"embeddable":true,"href":"https:\/\/foroprogresotenerife.org\/index.php\/wp-json\/wp\/v2\/comments?post=258"}],"version-history":[{"count":4,"href":"https:\/\/foroprogresotenerife.org\/index.php\/wp-json\/wp\/v2\/posts\/258\/revisions"}],"predecessor-version":[{"id":360,"href":"https:\/\/foroprogresotenerife.org\/index.php\/wp-json\/wp\/v2\/posts\/258\/revisions\/360"}],"wp:featuredmedia":[{"embeddable":true,"href":"https:\/\/foroprogresotenerife.org\/index.php\/wp-json\/wp\/v2\/media\/292"}],"wp:attachment":[{"href":"https:\/\/foroprogresotenerife.org\/index.php\/wp-json\/wp\/v2\/media?parent=258"}],"wp:term":[{"taxonomy":"category","embeddable":true,"href":"https:\/\/foroprogresotenerife.org\/index.php\/wp-json\/wp\/v2\/categories?post=258"},{"taxonomy":"post_tag","embeddable":true,"href":"https:\/\/foroprogresotenerife.org\/index.php\/wp-json\/wp\/v2\/tags?post=258"}],"curies":[{"name":"wp","href":"https:\/\/api.w.org\/{rel}","templated":true}]}}