{"id":302,"date":"2024-05-11T08:26:28","date_gmt":"2024-05-11T08:26:28","guid":{"rendered":"https:\/\/foroprogresotenerife.org\/?p=302"},"modified":"2025-11-24T18:49:00","modified_gmt":"2025-11-24T18:49:00","slug":"el-foro-demanda-al-ministro-torres-acuerdos-unanimes-por-encima-intereses-politicos-para-solucionar-los-problemas-de-la-isla","status":"publish","type":"post","link":"https:\/\/foroprogresotenerife.org\/index.php\/2024\/05\/11\/el-foro-demanda-al-ministro-torres-acuerdos-unanimes-por-encima-intereses-politicos-para-solucionar-los-problemas-de-la-isla\/","title":{"rendered":"El Foro demanda al ministro Torres acuerdos un\u00e1nimes por encima intereses pol\u00edticos para solucionar los problemas de la Isla \u00a0"},"content":{"rendered":"\n<p><br><br><\/p>\n\n\n\n<p>El Foro por el Progreso de Tenerife se reuni\u00f3 con el ministro de Pol\u00edtica Territorial y Memoria Democr\u00e1tica, Angel V\u00edctor Torres y otros representantes del partido socialista en la Isla como Pedro Mart\u00edn, Jos\u00e9 Miguel Fraga y Antonio Olivera, en el marco del programa de encuentros que est\u00e1n celebrando con representantes pol\u00edticos para dar a conocer esta asociaci\u00f3n e intercambiar posiciones sobre temas relevantes para Tenerife y su futuro. Los empresarios mostraron su preocupaci\u00f3n por el malestar social que existe en la Isla que se vio reflejada en la manifestaci\u00f3n del 20 de abril y los riesgos que conlleva dirigirlo contra un sector vital en nuestra econom\u00eda como es el turismo.<\/p>\n\n\n\n<p>Desde el Foro se lanz\u00f3 una clara petici\u00f3n tanto al ministro como al resto de representantes presentes para que al margen de colores pol\u00edticos al frente de las instituciones, se adopten acuerdos un\u00e1nimes que permitan solventar problemas que padecemos y que llevan enquistados demasiado tiempo y que poco tienen que ver con el turismo. En este sentido se cit\u00f3 como ejemplo el tema de la implantaci\u00f3n del gas o la movilidad.<\/p>\n\n\n\n<p>En cuanto a la aplicaci\u00f3n de la tasa tur\u00edstica, que fue uno de los temas que abord\u00f3 el ministro en su intervenci\u00f3n, el presidente de Ashotel, Jorge Marichal fue contundente al expresar su posici\u00f3n contraria a esta medida que restar\u00eda competitividad concluyendo que resultar\u00eda m\u00e1s efectivo administrar de una mejor manera el dinero que se pierde como es el caso de los fondos europeos Next Generation.<\/p>\n\n\n\n<p>El objetivo de esta nueva asociaci\u00f3n no es otro que el de impulsar el potencial de crecimiento que tiene Tenerife en el conjunto del Archipi\u00e9lago a trav\u00e9s del fomento del esp\u00edritu empresarial, la competitividad y el desarrollo de la libre empresa y de la sociedad en general. Con este tipo de encuentros, la asociaci\u00f3n promueve el an\u00e1lisis y el debate en colaboraci\u00f3n con otros actores econ\u00f3micos y sociales y tambi\u00e9n con la administraci\u00f3n en los asuntos que se consideren esenciales para reducir los desequilibrios econ\u00f3micos y sociales que lastran nuestro desarrollo.&nbsp;<\/p>\n\n\n\n<p>Por tanto, desde el Foro queremos tender la mano a las administraciones en la b\u00fasqueda de soluciones que permitan paliar una situaci\u00f3n cada vez m\u00e1s complicada que est\u00e1 dando origen a una clara inquietud por parte de las la Sociedad de la Isla.<\/p>\n\n\n\n<p><br><\/p>\n","protected":false},"excerpt":{"rendered":"<p>El Foro por el Progreso de Tenerife se reuni\u00f3 con el ministro de Pol\u00edtica Territorial y Memoria Democr\u00e1tica, Angel V\u00edctor Torres y otros representantes del partido socialista en la Isla como Pedro Mart\u00edn, Jos\u00e9 Miguel Fraga y Antonio Olivera, en el marco del programa de encuentros que est\u00e1n celebrando con representantes pol\u00edticos para dar a [&hellip;]<\/p>\n","protected":false},"author":3,"featured_media":305,"comment_status":"closed","ping_status":"closed","sticky":false,"template":"","format":"standard","meta":{"_et_pb_use_builder":"","_et_pb_old_content":"","_et_gb_content_width":"","_themeisle_gutenberg_block_has_review":false,"footnotes":""},"categories":[7,6,8,4,5],"tags":[],"class_list":["post-302","post","type-post","status-publish","format-standard","has-post-thumbnail","hentry","category-conectividad","category-educacion","category-turismo","category-urbanismo","category-vivienda"],"yoast_head":"<!-- This site is optimized with the Yoast SEO plugin v26.4 - https:\/\/yoast.com\/wordpress\/plugins\/seo\/ -->\n<title>El  - Foro por el Progreso de Tenerife<\/title>\n<meta name=\"description\" content=\"El Foro por el progreso de Tenerife se re\u00fane con Angel V\u00edctor Torres para demandar acuerdos definitivos.\" \/>\n<meta name=\"robots\" content=\"noindex, follow, max-snippet:-1, max-image-preview:large, max-video-preview:-1\" \/>\n<meta property=\"og:locale\" content=\"es_ES\" \/>\n<meta property=\"og:type\" content=\"article\" \/>\n<meta property=\"og:title\" content=\"El  - Foro por el Progreso de Tenerife\" \/>\n<meta property=\"og:description\" content=\"El Foro por el progreso de Tenerife se re\u00fane con Angel V\u00edctor Torres para demandar acuerdos definitivos.\" \/>\n<meta property=\"og:url\" content=\"https:\/\/foroprogresotenerife.org\/index.php\/2024\/05\/11\/el-foro-demanda-al-ministro-torres-acuerdos-unanimes-por-encima-intereses-politicos-para-solucionar-los-problemas-de-la-isla\/\" \/>\n<meta property=\"og:site_name\" content=\"Foro por el Progreso de Tenerife\" \/>\n<meta property=\"article:published_time\" content=\"2024-05-11T08:26:28+00:00\" \/>\n<meta property=\"article:modified_time\" content=\"2025-11-24T18:49:00+00:00\" \/>\n<meta property=\"og:image\" content=\"https:\/\/foroprogresotenerife.org\/wp-content\/uploads\/2024\/05\/Encuentro-Ministro02.jpg\" \/>\n\t<meta property=\"og:image:width\" content=\"1284\" \/>\n\t<meta property=\"og:image:height\" content=\"963\" \/>\n\t<meta property=\"og:image:type\" content=\"image\/jpeg\" \/>\n<meta name=\"author\" content=\"Marta Gonz\u00e1lez-Casanova Rodr\u00edguez\" \/>\n<meta name=\"twitter:card\" content=\"summary_large_image\" \/>\n<meta name=\"twitter:label1\" content=\"Escrito por\" \/>\n\t<meta name=\"twitter:data1\" content=\"Marta Gonz\u00e1lez-Casanova Rodr\u00edguez\" \/>\n\t<meta name=\"twitter:label2\" content=\"Tiempo de lectura\" \/>\n\t<meta name=\"twitter:data2\" content=\"2 minutos\" \/>\n<script type=\"application\/ld+json\" class=\"yoast-schema-graph\">{\"@context\":\"https:\/\/schema.org\",\"@graph\":[{\"@type\":\"Article\",\"@id\":\"https:\/\/foroprogresotenerife.org\/index.php\/2024\/05\/11\/el-foro-demanda-al-ministro-torres-acuerdos-unanimes-por-encima-intereses-politicos-para-solucionar-los-problemas-de-la-isla\/#article\",\"isPartOf\":{\"@id\":\"https:\/\/foroprogresotenerife.org\/index.php\/2024\/05\/11\/el-foro-demanda-al-ministro-torres-acuerdos-unanimes-por-encima-intereses-politicos-para-solucionar-los-problemas-de-la-isla\/\"},\"author\":{\"name\":\"Marta Gonz\u00e1lez-Casanova Rodr\u00edguez\",\"@id\":\"https:\/\/foroprogresotenerife.org\/#\/schema\/person\/cfda2e435a521aebf466fa8d6b3f5438\"},\"headline\":\"El Foro demanda al ministro Torres acuerdos un\u00e1nimes por encima intereses pol\u00edticos para solucionar los problemas de la Isla \u00a0\",\"datePublished\":\"2024-05-11T08:26:28+00:00\",\"dateModified\":\"2025-11-24T18:49:00+00:00\",\"mainEntityOfPage\":{\"@id\":\"https:\/\/foroprogresotenerife.org\/index.php\/2024\/05\/11\/el-foro-demanda-al-ministro-torres-acuerdos-unanimes-por-encima-intereses-politicos-para-solucionar-los-problemas-de-la-isla\/\"},\"wordCount\":438,\"publisher\":{\"@id\":\"https:\/\/foroprogresotenerife.org\/#organization\"},\"image\":{\"@id\":\"https:\/\/foroprogresotenerife.org\/index.php\/2024\/05\/11\/el-foro-demanda-al-ministro-torres-acuerdos-unanimes-por-encima-intereses-politicos-para-solucionar-los-problemas-de-la-isla\/#primaryimage\"},\"thumbnailUrl\":\"https:\/\/foroprogresotenerife.org\/wp-content\/uploads\/2024\/05\/Encuentro-Ministro02.jpg\",\"articleSection\":[\"Conectividad\",\"Educaci\u00f3n\",\"Turismo\",\"Urbanismo\",\"Vivienda\"],\"inLanguage\":\"es\"},{\"@type\":\"WebPage\",\"@id\":\"https:\/\/foroprogresotenerife.org\/index.php\/2024\/05\/11\/el-foro-demanda-al-ministro-torres-acuerdos-unanimes-por-encima-intereses-politicos-para-solucionar-los-problemas-de-la-isla\/\",\"url\":\"https:\/\/foroprogresotenerife.org\/index.php\/2024\/05\/11\/el-foro-demanda-al-ministro-torres-acuerdos-unanimes-por-encima-intereses-politicos-para-solucionar-los-problemas-de-la-isla\/\",\"name\":\"El - Foro por el Progreso de Tenerife\",\"isPartOf\":{\"@id\":\"https:\/\/foroprogresotenerife.org\/#website\"},\"primaryImageOfPage\":{\"@id\":\"https:\/\/foroprogresotenerife.org\/index.php\/2024\/05\/11\/el-foro-demanda-al-ministro-torres-acuerdos-unanimes-por-encima-intereses-politicos-para-solucionar-los-problemas-de-la-isla\/#primaryimage\"},\"image\":{\"@id\":\"https:\/\/foroprogresotenerife.org\/index.php\/2024\/05\/11\/el-foro-demanda-al-ministro-torres-acuerdos-unanimes-por-encima-intereses-politicos-para-solucionar-los-problemas-de-la-isla\/#primaryimage\"},\"thumbnailUrl\":\"https:\/\/foroprogresotenerife.org\/wp-content\/uploads\/2024\/05\/Encuentro-Ministro02.jpg\",\"datePublished\":\"2024-05-11T08:26:28+00:00\",\"dateModified\":\"2025-11-24T18:49:00+00:00\",\"description\":\"El Foro por el progreso de Tenerife se re\u00fane con Angel V\u00edctor Torres para demandar acuerdos definitivos.\",\"breadcrumb\":{\"@id\":\"https:\/\/foroprogresotenerife.org\/index.php\/2024\/05\/11\/el-foro-demanda-al-ministro-torres-acuerdos-unanimes-por-encima-intereses-politicos-para-solucionar-los-problemas-de-la-isla\/#breadcrumb\"},\"inLanguage\":\"es\",\"potentialAction\":[{\"@type\":\"ReadAction\",\"target\":[\"https:\/\/foroprogresotenerife.org\/index.php\/2024\/05\/11\/el-foro-demanda-al-ministro-torres-acuerdos-unanimes-por-encima-intereses-politicos-para-solucionar-los-problemas-de-la-isla\/\"]}]},{\"@type\":\"ImageObject\",\"inLanguage\":\"es\",\"@id\":\"https:\/\/foroprogresotenerife.org\/index.php\/2024\/05\/11\/el-foro-demanda-al-ministro-torres-acuerdos-unanimes-por-encima-intereses-politicos-para-solucionar-los-problemas-de-la-isla\/#primaryimage\",\"url\":\"https:\/\/foroprogresotenerife.org\/wp-content\/uploads\/2024\/05\/Encuentro-Ministro02.jpg\",\"contentUrl\":\"https:\/\/foroprogresotenerife.org\/wp-content\/uploads\/2024\/05\/Encuentro-Ministro02.jpg\",\"width\":1284,\"height\":963},{\"@type\":\"BreadcrumbList\",\"@id\":\"https:\/\/foroprogresotenerife.org\/index.php\/2024\/05\/11\/el-foro-demanda-al-ministro-torres-acuerdos-unanimes-por-encima-intereses-politicos-para-solucionar-los-problemas-de-la-isla\/#breadcrumb\",\"itemListElement\":[{\"@type\":\"ListItem\",\"position\":1,\"name\":\"Portada\",\"item\":\"https:\/\/foroprogresotenerife.org\/\"},{\"@type\":\"ListItem\",\"position\":2,\"name\":\"El Foro demanda al ministro Torres acuerdos un\u00e1nimes por encima intereses pol\u00edticos para solucionar los problemas de la Isla \u00a0\"}]},{\"@type\":\"WebSite\",\"@id\":\"https:\/\/foroprogresotenerife.org\/#website\",\"url\":\"https:\/\/foroprogresotenerife.org\/\",\"name\":\"Foro por el Progreso de Tenerife\",\"description\":\"El sector empresarial de Tenerife se une para favorecer el crecimiento de la Isla y reducir los desequilibrios\",\"publisher\":{\"@id\":\"https:\/\/foroprogresotenerife.org\/#organization\"},\"potentialAction\":[{\"@type\":\"SearchAction\",\"target\":{\"@type\":\"EntryPoint\",\"urlTemplate\":\"https:\/\/foroprogresotenerife.org\/?s={search_term_string}\"},\"query-input\":{\"@type\":\"PropertyValueSpecification\",\"valueRequired\":true,\"valueName\":\"search_term_string\"}}],\"inLanguage\":\"es\"},{\"@type\":\"Organization\",\"@id\":\"https:\/\/foroprogresotenerife.org\/#organization\",\"name\":\"Foro por el Progreso de Tenerife\",\"url\":\"https:\/\/foroprogresotenerife.org\/\",\"logo\":{\"@type\":\"ImageObject\",\"inLanguage\":\"es\",\"@id\":\"https:\/\/foroprogresotenerife.org\/#\/schema\/logo\/image\/\",\"url\":\"https:\/\/foroprogresotenerife.org\/wp-content\/uploads\/2024\/03\/cropped-icono.png\",\"contentUrl\":\"https:\/\/foroprogresotenerife.org\/wp-content\/uploads\/2024\/03\/cropped-icono.png\",\"width\":512,\"height\":512,\"caption\":\"Foro por el Progreso de Tenerife\"},\"image\":{\"@id\":\"https:\/\/foroprogresotenerife.org\/#\/schema\/logo\/image\/\"},\"sameAs\":[\"https:\/\/www.linkedin.com\/company\/foro-progreso-tenerife\/\"]},{\"@type\":\"Person\",\"@id\":\"https:\/\/foroprogresotenerife.org\/#\/schema\/person\/cfda2e435a521aebf466fa8d6b3f5438\",\"name\":\"Marta Gonz\u00e1lez-Casanova Rodr\u00edguez\",\"url\":\"https:\/\/foroprogresotenerife.org\/index.php\/author\/marta-casanova\/\"}]}<\/script>\n<!-- \/ Yoast SEO plugin. -->","yoast_head_json":{"title":"El  - Foro por el Progreso de Tenerife","description":"El Foro por el progreso de Tenerife se re\u00fane con Angel V\u00edctor Torres para demandar acuerdos definitivos.","robots":{"index":"noindex","follow":"follow","max-snippet":"max-snippet:-1","max-image-preview":"max-image-preview:large","max-video-preview":"max-video-preview:-1"},"og_locale":"es_ES","og_type":"article","og_title":"El  - Foro por el Progreso de Tenerife","og_description":"El Foro por el progreso de Tenerife se re\u00fane con Angel V\u00edctor Torres para demandar acuerdos definitivos.","og_url":"https:\/\/foroprogresotenerife.org\/index.php\/2024\/05\/11\/el-foro-demanda-al-ministro-torres-acuerdos-unanimes-por-encima-intereses-politicos-para-solucionar-los-problemas-de-la-isla\/","og_site_name":"Foro por el Progreso de Tenerife","article_published_time":"2024-05-11T08:26:28+00:00","article_modified_time":"2025-11-24T18:49:00+00:00","og_image":[{"width":1284,"height":963,"url":"https:\/\/foroprogresotenerife.org\/wp-content\/uploads\/2024\/05\/Encuentro-Ministro02.jpg","type":"image\/jpeg"}],"author":"Marta Gonz\u00e1lez-Casanova Rodr\u00edguez","twitter_card":"summary_large_image","twitter_misc":{"Escrito por":"Marta Gonz\u00e1lez-Casanova Rodr\u00edguez","Tiempo de lectura":"2 minutos"},"schema":{"@context":"https:\/\/schema.org","@graph":[{"@type":"Article","@id":"https:\/\/foroprogresotenerife.org\/index.php\/2024\/05\/11\/el-foro-demanda-al-ministro-torres-acuerdos-unanimes-por-encima-intereses-politicos-para-solucionar-los-problemas-de-la-isla\/#article","isPartOf":{"@id":"https:\/\/foroprogresotenerife.org\/index.php\/2024\/05\/11\/el-foro-demanda-al-ministro-torres-acuerdos-unanimes-por-encima-intereses-politicos-para-solucionar-los-problemas-de-la-isla\/"},"author":{"name":"Marta Gonz\u00e1lez-Casanova Rodr\u00edguez","@id":"https:\/\/foroprogresotenerife.org\/#\/schema\/person\/cfda2e435a521aebf466fa8d6b3f5438"},"headline":"El Foro demanda al ministro Torres acuerdos un\u00e1nimes por encima intereses pol\u00edticos para solucionar los problemas de la Isla \u00a0","datePublished":"2024-05-11T08:26:28+00:00","dateModified":"2025-11-24T18:49:00+00:00","mainEntityOfPage":{"@id":"https:\/\/foroprogresotenerife.org\/index.php\/2024\/05\/11\/el-foro-demanda-al-ministro-torres-acuerdos-unanimes-por-encima-intereses-politicos-para-solucionar-los-problemas-de-la-isla\/"},"wordCount":438,"publisher":{"@id":"https:\/\/foroprogresotenerife.org\/#organization"},"image":{"@id":"https:\/\/foroprogresotenerife.org\/index.php\/2024\/05\/11\/el-foro-demanda-al-ministro-torres-acuerdos-unanimes-por-encima-intereses-politicos-para-solucionar-los-problemas-de-la-isla\/#primaryimage"},"thumbnailUrl":"https:\/\/foroprogresotenerife.org\/wp-content\/uploads\/2024\/05\/Encuentro-Ministro02.jpg","articleSection":["Conectividad","Educaci\u00f3n","Turismo","Urbanismo","Vivienda"],"inLanguage":"es"},{"@type":"WebPage","@id":"https:\/\/foroprogresotenerife.org\/index.php\/2024\/05\/11\/el-foro-demanda-al-ministro-torres-acuerdos-unanimes-por-encima-intereses-politicos-para-solucionar-los-problemas-de-la-isla\/","url":"https:\/\/foroprogresotenerife.org\/index.php\/2024\/05\/11\/el-foro-demanda-al-ministro-torres-acuerdos-unanimes-por-encima-intereses-politicos-para-solucionar-los-problemas-de-la-isla\/","name":"El - Foro por el Progreso de Tenerife","isPartOf":{"@id":"https:\/\/foroprogresotenerife.org\/#website"},"primaryImageOfPage":{"@id":"https:\/\/foroprogresotenerife.org\/index.php\/2024\/05\/11\/el-foro-demanda-al-ministro-torres-acuerdos-unanimes-por-encima-intereses-politicos-para-solucionar-los-problemas-de-la-isla\/#primaryimage"},"image":{"@id":"https:\/\/foroprogresotenerife.org\/index.php\/2024\/05\/11\/el-foro-demanda-al-ministro-torres-acuerdos-unanimes-por-encima-intereses-politicos-para-solucionar-los-problemas-de-la-isla\/#primaryimage"},"thumbnailUrl":"https:\/\/foroprogresotenerife.org\/wp-content\/uploads\/2024\/05\/Encuentro-Ministro02.jpg","datePublished":"2024-05-11T08:26:28+00:00","dateModified":"2025-11-24T18:49:00+00:00","description":"El Foro por el progreso de Tenerife se re\u00fane con Angel V\u00edctor Torres para demandar acuerdos definitivos.","breadcrumb":{"@id":"https:\/\/foroprogresotenerife.org\/index.php\/2024\/05\/11\/el-foro-demanda-al-ministro-torres-acuerdos-unanimes-por-encima-intereses-politicos-para-solucionar-los-problemas-de-la-isla\/#breadcrumb"},"inLanguage":"es","potentialAction":[{"@type":"ReadAction","target":["https:\/\/foroprogresotenerife.org\/index.php\/2024\/05\/11\/el-foro-demanda-al-ministro-torres-acuerdos-unanimes-por-encima-intereses-politicos-para-solucionar-los-problemas-de-la-isla\/"]}]},{"@type":"ImageObject","inLanguage":"es","@id":"https:\/\/foroprogresotenerife.org\/index.php\/2024\/05\/11\/el-foro-demanda-al-ministro-torres-acuerdos-unanimes-por-encima-intereses-politicos-para-solucionar-los-problemas-de-la-isla\/#primaryimage","url":"https:\/\/foroprogresotenerife.org\/wp-content\/uploads\/2024\/05\/Encuentro-Ministro02.jpg","contentUrl":"https:\/\/foroprogresotenerife.org\/wp-content\/uploads\/2024\/05\/Encuentro-Ministro02.jpg","width":1284,"height":963},{"@type":"BreadcrumbList","@id":"https:\/\/foroprogresotenerife.org\/index.php\/2024\/05\/11\/el-foro-demanda-al-ministro-torres-acuerdos-unanimes-por-encima-intereses-politicos-para-solucionar-los-problemas-de-la-isla\/#breadcrumb","itemListElement":[{"@type":"ListItem","position":1,"name":"Portada","item":"https:\/\/foroprogresotenerife.org\/"},{"@type":"ListItem","position":2,"name":"El Foro demanda al ministro Torres acuerdos un\u00e1nimes por encima intereses pol\u00edticos para solucionar los problemas de la Isla \u00a0"}]},{"@type":"WebSite","@id":"https:\/\/foroprogresotenerife.org\/#website","url":"https:\/\/foroprogresotenerife.org\/","name":"Foro por el Progreso de Tenerife","description":"El sector empresarial de Tenerife se une para favorecer el crecimiento de la Isla y reducir los desequilibrios","publisher":{"@id":"https:\/\/foroprogresotenerife.org\/#organization"},"potentialAction":[{"@type":"SearchAction","target":{"@type":"EntryPoint","urlTemplate":"https:\/\/foroprogresotenerife.org\/?s={search_term_string}"},"query-input":{"@type":"PropertyValueSpecification","valueRequired":true,"valueName":"search_term_string"}}],"inLanguage":"es"},{"@type":"Organization","@id":"https:\/\/foroprogresotenerife.org\/#organization","name":"Foro por el Progreso de Tenerife","url":"https:\/\/foroprogresotenerife.org\/","logo":{"@type":"ImageObject","inLanguage":"es","@id":"https:\/\/foroprogresotenerife.org\/#\/schema\/logo\/image\/","url":"https:\/\/foroprogresotenerife.org\/wp-content\/uploads\/2024\/03\/cropped-icono.png","contentUrl":"https:\/\/foroprogresotenerife.org\/wp-content\/uploads\/2024\/03\/cropped-icono.png","width":512,"height":512,"caption":"Foro por el Progreso de Tenerife"},"image":{"@id":"https:\/\/foroprogresotenerife.org\/#\/schema\/logo\/image\/"},"sameAs":["https:\/\/www.linkedin.com\/company\/foro-progreso-tenerife\/"]},{"@type":"Person","@id":"https:\/\/foroprogresotenerife.org\/#\/schema\/person\/cfda2e435a521aebf466fa8d6b3f5438","name":"Marta Gonz\u00e1lez-Casanova Rodr\u00edguez","url":"https:\/\/foroprogresotenerife.org\/index.php\/author\/marta-casanova\/"}]}},"_links":{"self":[{"href":"https:\/\/foroprogresotenerife.org\/index.php\/wp-json\/wp\/v2\/posts\/302","targetHints":{"allow":["GET"]}}],"collection":[{"href":"https:\/\/foroprogresotenerife.org\/index.php\/wp-json\/wp\/v2\/posts"}],"about":[{"href":"https:\/\/foroprogresotenerife.org\/index.php\/wp-json\/wp\/v2\/types\/post"}],"author":[{"embeddable":true,"href":"https:\/\/foroprogresotenerife.org\/index.php\/wp-json\/wp\/v2\/users\/3"}],"replies":[{"embeddable":true,"href":"https:\/\/foroprogresotenerife.org\/index.php\/wp-json\/wp\/v2\/comments?post=302"}],"version-history":[{"count":3,"href":"https:\/\/foroprogresotenerife.org\/index.php\/wp-json\/wp\/v2\/posts\/302\/revisions"}],"predecessor-version":[{"id":361,"href":"https:\/\/foroprogresotenerife.org\/index.php\/wp-json\/wp\/v2\/posts\/302\/revisions\/361"}],"wp:featuredmedia":[{"embeddable":true,"href":"https:\/\/foroprogresotenerife.org\/index.php\/wp-json\/wp\/v2\/media\/305"}],"wp:attachment":[{"href":"https:\/\/foroprogresotenerife.org\/index.php\/wp-json\/wp\/v2\/media?parent=302"}],"wp:term":[{"taxonomy":"category","embeddable":true,"href":"https:\/\/foroprogresotenerife.org\/index.php\/wp-json\/wp\/v2\/categories?post=302"},{"taxonomy":"post_tag","embeddable":true,"href":"https:\/\/foroprogresotenerife.org\/index.php\/wp-json\/wp\/v2\/tags?post=302"}],"curies":[{"name":"wp","href":"https:\/\/api.w.org\/{rel}","templated":true}]}}