{"id":310,"date":"2024-07-01T22:50:14","date_gmt":"2024-07-01T22:50:14","guid":{"rendered":"https:\/\/foroprogresotenerife.org\/?p=310"},"modified":"2025-11-24T18:51:31","modified_gmt":"2025-11-24T18:51:31","slug":"el-foro-por-el-progreso-de-tenerife-valora-la-trayectoria-de-miguel-galindo-nombrado-hijo-predilecto-de-adeje","status":"publish","type":"post","link":"https:\/\/foroprogresotenerife.org\/index.php\/2024\/07\/01\/el-foro-por-el-progreso-de-tenerife-valora-la-trayectoria-de-miguel-galindo-nombrado-hijo-predilecto-de-adeje\/","title":{"rendered":"Miguel Galindo nombrado Hijo Predilecto de Adeje"},"content":{"rendered":"\n<p><em>El antiguo Convento Franciscano acogi\u00f3 el pasado s\u00e1bado el acto de homenaje a este empresario y miembro destacado del Foro<\/em><\/p>\n\n\n\n<p>El Foro por el Progreso de Tenerife valora la trayectoria profesional de uno de sus miembros m\u00e1s destacados como es Zacar\u00edas Miguel Galindo, nombrado Hijo Predilecto de Adeje. Este reconocimiento est\u00e1 motivado por su dilatada y exitosa \u201ctrayectoria profesional y personal que denota la aportaci\u00f3n del propuesto para el desarrollo y progreso del municipio que lo vio nacer, del que siempre ha formado parte, y al que siempre ha aportado su trabajo y entrega\u201d, tal y como recoge la moci\u00f3n aprobada por unanimidad, con los votos favorables de todos los partidos que conforman la Corporaci\u00f3n municipal. &nbsp;<\/p>\n\n\n\n<p>El antiguo Convento Franciscano dedicado a Nuestra Se\u00f1ora de Guadalupe, reuni\u00f3 a m\u00e1s de 200 personas en el acto de homenaje donde se record\u00f3 toda su trayectoria hasta convertirse en uno de los empresarios m\u00e1s pr\u00f3speros del municipio, capaz de generar nuevas oportunidades de empleo y desarrollo no solo para el municipio, sino tambi\u00e9n para toda la Isla, Canarias, Am\u00e9rica Latina y Europa, hacia donde ha expandido sus empresas dedicadas a la educaci\u00f3n, el turismo, los servicios o el sector inmobiliario, entre otros.<\/p>\n\n\n\n<p>Para el Foro, este reconocimiento pone en valor el esp\u00edritu empresarial de personas que como Miguel Galindo han sabido prosperar a trav\u00e9s del trabajo y el esfuerzo desde que en 1972 con tan solo 17 a\u00f1os fundara su primera empresa. \u201cManuel Galindo e hijos\u201d se dedicaba a la instalaci\u00f3n de tuber\u00edas para el riego de las fincas de pl\u00e1tanos a trav\u00e9s del agua que extra\u00edan de las galer\u00edas y pozos de las zonas altas del municipio. Era un trabajo arduo del que tambi\u00e9n obten\u00edan agua potable a grandes profundidades.<\/p>\n\n\n\n<p>A partir de ah\u00ed, a lo largo de los a\u00f1os, Galindo Gonz\u00e1lez, fue ampliando su cartera de negocios hasta convertirse en uno de los empresarios m\u00e1s pr\u00f3speros del municipio, generando nuevas oportunidades negocio y empleo para la ciudadan\u00eda, siempre preocupado por el desarrollo econ\u00f3mico y social del pueblo y de la gente que lo vio nacer.<\/p>\n\n\n\n<p>Para el Foro es un orgullo contar con personas tan queridas y reconocidas no s\u00f3lo por su quehacer profesional sino tambi\u00e9n y m\u00e1s importante a\u00fan, por sus valores personales que han quedado reflejados en las muestras de cari\u00f1o y respeto transmitidas estos d\u00edas con motivo del homenaje.&nbsp;<\/p>\n\n\n\n<figure class=\"wp-block-image size-large\"><img loading=\"lazy\" decoding=\"async\" width=\"1024\" height=\"768\" src=\"https:\/\/foroprogresotenerife.org\/wp-content\/uploads\/2024\/07\/gB67N161eQxQjF3CiH4OwEC13A__C7OOaJFx2kvcKvceJxFPc-1-1024x768.jpg\" alt=\"\" class=\"wp-image-314\" srcset=\"https:\/\/foroprogresotenerife.org\/wp-content\/uploads\/2024\/07\/gB67N161eQxQjF3CiH4OwEC13A__C7OOaJFx2kvcKvceJxFPc-1-1024x768.jpg 1024w, https:\/\/foroprogresotenerife.org\/wp-content\/uploads\/2024\/07\/gB67N161eQxQjF3CiH4OwEC13A__C7OOaJFx2kvcKvceJxFPc-1-980x735.jpg 980w, https:\/\/foroprogresotenerife.org\/wp-content\/uploads\/2024\/07\/gB67N161eQxQjF3CiH4OwEC13A__C7OOaJFx2kvcKvceJxFPc-1-480x360.jpg 480w\" sizes=\"auto, (min-width: 0px) and (max-width: 480px) 480px, (min-width: 481px) and (max-width: 980px) 980px, (min-width: 981px) 1024px, 100vw\" \/><\/figure>\n","protected":false},"excerpt":{"rendered":"<p>El antiguo Convento Franciscano acogi\u00f3 el pasado s\u00e1bado el acto de homenaje a este empresario y miembro destacado del Foro El Foro por el Progreso de Tenerife valora la trayectoria profesional de uno de sus miembros m\u00e1s destacados como es Zacar\u00edas Miguel Galindo, nombrado Hijo Predilecto de Adeje. Este reconocimiento est\u00e1 motivado por su dilatada [&hellip;]<\/p>\n","protected":false},"author":3,"featured_media":354,"comment_status":"closed","ping_status":"closed","sticky":false,"template":"","format":"video","meta":{"_et_pb_use_builder":"","_et_pb_old_content":"","_et_gb_content_width":"","_themeisle_gutenberg_block_has_review":false,"footnotes":""},"categories":[1],"tags":[],"class_list":["post-310","post","type-post","status-publish","format-video","has-post-thumbnail","hentry","category-uncategorized","post_format-post-format-video"],"yoast_head":"<!-- This site is optimized with the Yoast SEO plugin v26.4 - https:\/\/yoast.com\/wordpress\/plugins\/seo\/ -->\n<title>Miguel Galindo nombrado Hijo Predilecto de Adeje - Foro por el Progreso de Tenerife<\/title>\n<meta name=\"robots\" content=\"noindex, follow, max-snippet:-1, max-image-preview:large, max-video-preview:-1\" \/>\n<meta property=\"og:locale\" content=\"es_ES\" \/>\n<meta property=\"og:type\" content=\"article\" \/>\n<meta property=\"og:title\" content=\"Miguel Galindo nombrado Hijo Predilecto de Adeje - Foro por el Progreso de Tenerife\" \/>\n<meta property=\"og:description\" content=\"El antiguo Convento Franciscano acogi\u00f3 el pasado s\u00e1bado el acto de homenaje a este empresario y miembro destacado del Foro El Foro por el Progreso de Tenerife valora la trayectoria profesional de uno de sus miembros m\u00e1s destacados como es Zacar\u00edas Miguel Galindo, nombrado Hijo Predilecto de Adeje. Este reconocimiento est\u00e1 motivado por su dilatada [&hellip;]\" \/>\n<meta property=\"og:url\" content=\"https:\/\/foroprogresotenerife.org\/index.php\/2024\/07\/01\/el-foro-por-el-progreso-de-tenerife-valora-la-trayectoria-de-miguel-galindo-nombrado-hijo-predilecto-de-adeje\/\" \/>\n<meta property=\"og:site_name\" content=\"Foro por el Progreso de Tenerife\" \/>\n<meta property=\"article:published_time\" content=\"2024-07-01T22:50:14+00:00\" \/>\n<meta property=\"article:modified_time\" content=\"2025-11-24T18:51:31+00:00\" \/>\n<meta property=\"og:image\" content=\"https:\/\/foroprogresotenerife.org\/wp-content\/uploads\/2024\/07\/HijoPredilecto_Adeje-46-2048x1024-1.jpg\" \/>\n\t<meta property=\"og:image:width\" content=\"2048\" \/>\n\t<meta property=\"og:image:height\" content=\"1024\" \/>\n\t<meta property=\"og:image:type\" content=\"image\/jpeg\" \/>\n<meta name=\"author\" content=\"Marta Gonz\u00e1lez-Casanova Rodr\u00edguez\" \/>\n<meta name=\"twitter:card\" content=\"summary_large_image\" \/>\n<meta name=\"twitter:label1\" content=\"Escrito por\" \/>\n\t<meta name=\"twitter:data1\" content=\"Marta Gonz\u00e1lez-Casanova Rodr\u00edguez\" \/>\n\t<meta name=\"twitter:label2\" content=\"Tiempo de lectura\" \/>\n\t<meta name=\"twitter:data2\" content=\"3 minutos\" \/>\n<script type=\"application\/ld+json\" class=\"yoast-schema-graph\">{\"@context\":\"https:\/\/schema.org\",\"@graph\":[{\"@type\":\"Article\",\"@id\":\"https:\/\/foroprogresotenerife.org\/index.php\/2024\/07\/01\/el-foro-por-el-progreso-de-tenerife-valora-la-trayectoria-de-miguel-galindo-nombrado-hijo-predilecto-de-adeje\/#article\",\"isPartOf\":{\"@id\":\"https:\/\/foroprogresotenerife.org\/index.php\/2024\/07\/01\/el-foro-por-el-progreso-de-tenerife-valora-la-trayectoria-de-miguel-galindo-nombrado-hijo-predilecto-de-adeje\/\"},\"author\":{\"name\":\"Marta Gonz\u00e1lez-Casanova Rodr\u00edguez\",\"@id\":\"https:\/\/foroprogresotenerife.org\/#\/schema\/person\/cfda2e435a521aebf466fa8d6b3f5438\"},\"headline\":\"Miguel Galindo nombrado Hijo Predilecto de Adeje\",\"datePublished\":\"2024-07-01T22:50:14+00:00\",\"dateModified\":\"2025-11-24T18:51:31+00:00\",\"mainEntityOfPage\":{\"@id\":\"https:\/\/foroprogresotenerife.org\/index.php\/2024\/07\/01\/el-foro-por-el-progreso-de-tenerife-valora-la-trayectoria-de-miguel-galindo-nombrado-hijo-predilecto-de-adeje\/\"},\"wordCount\":433,\"publisher\":{\"@id\":\"https:\/\/foroprogresotenerife.org\/#organization\"},\"image\":{\"@id\":\"https:\/\/foroprogresotenerife.org\/index.php\/2024\/07\/01\/el-foro-por-el-progreso-de-tenerife-valora-la-trayectoria-de-miguel-galindo-nombrado-hijo-predilecto-de-adeje\/#primaryimage\"},\"thumbnailUrl\":\"https:\/\/foroprogresotenerife.org\/wp-content\/uploads\/2024\/07\/HijoPredilecto_Adeje-46-2048x1024-1.jpg\",\"articleSection\":[\"Uncategorized\"],\"inLanguage\":\"es\"},{\"@type\":\"WebPage\",\"@id\":\"https:\/\/foroprogresotenerife.org\/index.php\/2024\/07\/01\/el-foro-por-el-progreso-de-tenerife-valora-la-trayectoria-de-miguel-galindo-nombrado-hijo-predilecto-de-adeje\/\",\"url\":\"https:\/\/foroprogresotenerife.org\/index.php\/2024\/07\/01\/el-foro-por-el-progreso-de-tenerife-valora-la-trayectoria-de-miguel-galindo-nombrado-hijo-predilecto-de-adeje\/\",\"name\":\"Miguel Galindo nombrado Hijo Predilecto de Adeje - Foro por el Progreso de Tenerife\",\"isPartOf\":{\"@id\":\"https:\/\/foroprogresotenerife.org\/#website\"},\"primaryImageOfPage\":{\"@id\":\"https:\/\/foroprogresotenerife.org\/index.php\/2024\/07\/01\/el-foro-por-el-progreso-de-tenerife-valora-la-trayectoria-de-miguel-galindo-nombrado-hijo-predilecto-de-adeje\/#primaryimage\"},\"image\":{\"@id\":\"https:\/\/foroprogresotenerife.org\/index.php\/2024\/07\/01\/el-foro-por-el-progreso-de-tenerife-valora-la-trayectoria-de-miguel-galindo-nombrado-hijo-predilecto-de-adeje\/#primaryimage\"},\"thumbnailUrl\":\"https:\/\/foroprogresotenerife.org\/wp-content\/uploads\/2024\/07\/HijoPredilecto_Adeje-46-2048x1024-1.jpg\",\"datePublished\":\"2024-07-01T22:50:14+00:00\",\"dateModified\":\"2025-11-24T18:51:31+00:00\",\"breadcrumb\":{\"@id\":\"https:\/\/foroprogresotenerife.org\/index.php\/2024\/07\/01\/el-foro-por-el-progreso-de-tenerife-valora-la-trayectoria-de-miguel-galindo-nombrado-hijo-predilecto-de-adeje\/#breadcrumb\"},\"inLanguage\":\"es\",\"potentialAction\":[{\"@type\":\"ReadAction\",\"target\":[\"https:\/\/foroprogresotenerife.org\/index.php\/2024\/07\/01\/el-foro-por-el-progreso-de-tenerife-valora-la-trayectoria-de-miguel-galindo-nombrado-hijo-predilecto-de-adeje\/\"]}]},{\"@type\":\"ImageObject\",\"inLanguage\":\"es\",\"@id\":\"https:\/\/foroprogresotenerife.org\/index.php\/2024\/07\/01\/el-foro-por-el-progreso-de-tenerife-valora-la-trayectoria-de-miguel-galindo-nombrado-hijo-predilecto-de-adeje\/#primaryimage\",\"url\":\"https:\/\/foroprogresotenerife.org\/wp-content\/uploads\/2024\/07\/HijoPredilecto_Adeje-46-2048x1024-1.jpg\",\"contentUrl\":\"https:\/\/foroprogresotenerife.org\/wp-content\/uploads\/2024\/07\/HijoPredilecto_Adeje-46-2048x1024-1.jpg\",\"width\":2048,\"height\":1024},{\"@type\":\"BreadcrumbList\",\"@id\":\"https:\/\/foroprogresotenerife.org\/index.php\/2024\/07\/01\/el-foro-por-el-progreso-de-tenerife-valora-la-trayectoria-de-miguel-galindo-nombrado-hijo-predilecto-de-adeje\/#breadcrumb\",\"itemListElement\":[{\"@type\":\"ListItem\",\"position\":1,\"name\":\"Portada\",\"item\":\"https:\/\/foroprogresotenerife.org\/\"},{\"@type\":\"ListItem\",\"position\":2,\"name\":\"Miguel Galindo nombrado Hijo Predilecto de Adeje\"}]},{\"@type\":\"WebSite\",\"@id\":\"https:\/\/foroprogresotenerife.org\/#website\",\"url\":\"https:\/\/foroprogresotenerife.org\/\",\"name\":\"Foro por el Progreso de Tenerife\",\"description\":\"El sector empresarial de Tenerife se une para favorecer el crecimiento de la Isla y reducir los desequilibrios\",\"publisher\":{\"@id\":\"https:\/\/foroprogresotenerife.org\/#organization\"},\"potentialAction\":[{\"@type\":\"SearchAction\",\"target\":{\"@type\":\"EntryPoint\",\"urlTemplate\":\"https:\/\/foroprogresotenerife.org\/?s={search_term_string}\"},\"query-input\":{\"@type\":\"PropertyValueSpecification\",\"valueRequired\":true,\"valueName\":\"search_term_string\"}}],\"inLanguage\":\"es\"},{\"@type\":\"Organization\",\"@id\":\"https:\/\/foroprogresotenerife.org\/#organization\",\"name\":\"Foro por el Progreso de Tenerife\",\"url\":\"https:\/\/foroprogresotenerife.org\/\",\"logo\":{\"@type\":\"ImageObject\",\"inLanguage\":\"es\",\"@id\":\"https:\/\/foroprogresotenerife.org\/#\/schema\/logo\/image\/\",\"url\":\"https:\/\/foroprogresotenerife.org\/wp-content\/uploads\/2024\/03\/cropped-icono.png\",\"contentUrl\":\"https:\/\/foroprogresotenerife.org\/wp-content\/uploads\/2024\/03\/cropped-icono.png\",\"width\":512,\"height\":512,\"caption\":\"Foro por el Progreso de Tenerife\"},\"image\":{\"@id\":\"https:\/\/foroprogresotenerife.org\/#\/schema\/logo\/image\/\"},\"sameAs\":[\"https:\/\/www.linkedin.com\/company\/foro-progreso-tenerife\/\"]},{\"@type\":\"Person\",\"@id\":\"https:\/\/foroprogresotenerife.org\/#\/schema\/person\/cfda2e435a521aebf466fa8d6b3f5438\",\"name\":\"Marta Gonz\u00e1lez-Casanova Rodr\u00edguez\",\"url\":\"https:\/\/foroprogresotenerife.org\/index.php\/author\/marta-casanova\/\"}]}<\/script>\n<!-- \/ Yoast SEO plugin. -->","yoast_head_json":{"title":"Miguel Galindo nombrado Hijo Predilecto de Adeje - Foro por el Progreso de Tenerife","robots":{"index":"noindex","follow":"follow","max-snippet":"max-snippet:-1","max-image-preview":"max-image-preview:large","max-video-preview":"max-video-preview:-1"},"og_locale":"es_ES","og_type":"article","og_title":"Miguel Galindo nombrado Hijo Predilecto de Adeje - Foro por el Progreso de Tenerife","og_description":"El antiguo Convento Franciscano acogi\u00f3 el pasado s\u00e1bado el acto de homenaje a este empresario y miembro destacado del Foro El Foro por el Progreso de Tenerife valora la trayectoria profesional de uno de sus miembros m\u00e1s destacados como es Zacar\u00edas Miguel Galindo, nombrado Hijo Predilecto de Adeje. Este reconocimiento est\u00e1 motivado por su dilatada [&hellip;]","og_url":"https:\/\/foroprogresotenerife.org\/index.php\/2024\/07\/01\/el-foro-por-el-progreso-de-tenerife-valora-la-trayectoria-de-miguel-galindo-nombrado-hijo-predilecto-de-adeje\/","og_site_name":"Foro por el Progreso de Tenerife","article_published_time":"2024-07-01T22:50:14+00:00","article_modified_time":"2025-11-24T18:51:31+00:00","og_image":[{"width":2048,"height":1024,"url":"https:\/\/foroprogresotenerife.org\/wp-content\/uploads\/2024\/07\/HijoPredilecto_Adeje-46-2048x1024-1.jpg","type":"image\/jpeg"}],"author":"Marta Gonz\u00e1lez-Casanova Rodr\u00edguez","twitter_card":"summary_large_image","twitter_misc":{"Escrito por":"Marta Gonz\u00e1lez-Casanova Rodr\u00edguez","Tiempo de lectura":"3 minutos"},"schema":{"@context":"https:\/\/schema.org","@graph":[{"@type":"Article","@id":"https:\/\/foroprogresotenerife.org\/index.php\/2024\/07\/01\/el-foro-por-el-progreso-de-tenerife-valora-la-trayectoria-de-miguel-galindo-nombrado-hijo-predilecto-de-adeje\/#article","isPartOf":{"@id":"https:\/\/foroprogresotenerife.org\/index.php\/2024\/07\/01\/el-foro-por-el-progreso-de-tenerife-valora-la-trayectoria-de-miguel-galindo-nombrado-hijo-predilecto-de-adeje\/"},"author":{"name":"Marta Gonz\u00e1lez-Casanova Rodr\u00edguez","@id":"https:\/\/foroprogresotenerife.org\/#\/schema\/person\/cfda2e435a521aebf466fa8d6b3f5438"},"headline":"Miguel Galindo nombrado Hijo Predilecto de Adeje","datePublished":"2024-07-01T22:50:14+00:00","dateModified":"2025-11-24T18:51:31+00:00","mainEntityOfPage":{"@id":"https:\/\/foroprogresotenerife.org\/index.php\/2024\/07\/01\/el-foro-por-el-progreso-de-tenerife-valora-la-trayectoria-de-miguel-galindo-nombrado-hijo-predilecto-de-adeje\/"},"wordCount":433,"publisher":{"@id":"https:\/\/foroprogresotenerife.org\/#organization"},"image":{"@id":"https:\/\/foroprogresotenerife.org\/index.php\/2024\/07\/01\/el-foro-por-el-progreso-de-tenerife-valora-la-trayectoria-de-miguel-galindo-nombrado-hijo-predilecto-de-adeje\/#primaryimage"},"thumbnailUrl":"https:\/\/foroprogresotenerife.org\/wp-content\/uploads\/2024\/07\/HijoPredilecto_Adeje-46-2048x1024-1.jpg","articleSection":["Uncategorized"],"inLanguage":"es"},{"@type":"WebPage","@id":"https:\/\/foroprogresotenerife.org\/index.php\/2024\/07\/01\/el-foro-por-el-progreso-de-tenerife-valora-la-trayectoria-de-miguel-galindo-nombrado-hijo-predilecto-de-adeje\/","url":"https:\/\/foroprogresotenerife.org\/index.php\/2024\/07\/01\/el-foro-por-el-progreso-de-tenerife-valora-la-trayectoria-de-miguel-galindo-nombrado-hijo-predilecto-de-adeje\/","name":"Miguel Galindo nombrado Hijo Predilecto de Adeje - Foro por el Progreso de Tenerife","isPartOf":{"@id":"https:\/\/foroprogresotenerife.org\/#website"},"primaryImageOfPage":{"@id":"https:\/\/foroprogresotenerife.org\/index.php\/2024\/07\/01\/el-foro-por-el-progreso-de-tenerife-valora-la-trayectoria-de-miguel-galindo-nombrado-hijo-predilecto-de-adeje\/#primaryimage"},"image":{"@id":"https:\/\/foroprogresotenerife.org\/index.php\/2024\/07\/01\/el-foro-por-el-progreso-de-tenerife-valora-la-trayectoria-de-miguel-galindo-nombrado-hijo-predilecto-de-adeje\/#primaryimage"},"thumbnailUrl":"https:\/\/foroprogresotenerife.org\/wp-content\/uploads\/2024\/07\/HijoPredilecto_Adeje-46-2048x1024-1.jpg","datePublished":"2024-07-01T22:50:14+00:00","dateModified":"2025-11-24T18:51:31+00:00","breadcrumb":{"@id":"https:\/\/foroprogresotenerife.org\/index.php\/2024\/07\/01\/el-foro-por-el-progreso-de-tenerife-valora-la-trayectoria-de-miguel-galindo-nombrado-hijo-predilecto-de-adeje\/#breadcrumb"},"inLanguage":"es","potentialAction":[{"@type":"ReadAction","target":["https:\/\/foroprogresotenerife.org\/index.php\/2024\/07\/01\/el-foro-por-el-progreso-de-tenerife-valora-la-trayectoria-de-miguel-galindo-nombrado-hijo-predilecto-de-adeje\/"]}]},{"@type":"ImageObject","inLanguage":"es","@id":"https:\/\/foroprogresotenerife.org\/index.php\/2024\/07\/01\/el-foro-por-el-progreso-de-tenerife-valora-la-trayectoria-de-miguel-galindo-nombrado-hijo-predilecto-de-adeje\/#primaryimage","url":"https:\/\/foroprogresotenerife.org\/wp-content\/uploads\/2024\/07\/HijoPredilecto_Adeje-46-2048x1024-1.jpg","contentUrl":"https:\/\/foroprogresotenerife.org\/wp-content\/uploads\/2024\/07\/HijoPredilecto_Adeje-46-2048x1024-1.jpg","width":2048,"height":1024},{"@type":"BreadcrumbList","@id":"https:\/\/foroprogresotenerife.org\/index.php\/2024\/07\/01\/el-foro-por-el-progreso-de-tenerife-valora-la-trayectoria-de-miguel-galindo-nombrado-hijo-predilecto-de-adeje\/#breadcrumb","itemListElement":[{"@type":"ListItem","position":1,"name":"Portada","item":"https:\/\/foroprogresotenerife.org\/"},{"@type":"ListItem","position":2,"name":"Miguel Galindo nombrado Hijo Predilecto de Adeje"}]},{"@type":"WebSite","@id":"https:\/\/foroprogresotenerife.org\/#website","url":"https:\/\/foroprogresotenerife.org\/","name":"Foro por el Progreso de Tenerife","description":"El sector empresarial de Tenerife se une para favorecer el crecimiento de la Isla y reducir los desequilibrios","publisher":{"@id":"https:\/\/foroprogresotenerife.org\/#organization"},"potentialAction":[{"@type":"SearchAction","target":{"@type":"EntryPoint","urlTemplate":"https:\/\/foroprogresotenerife.org\/?s={search_term_string}"},"query-input":{"@type":"PropertyValueSpecification","valueRequired":true,"valueName":"search_term_string"}}],"inLanguage":"es"},{"@type":"Organization","@id":"https:\/\/foroprogresotenerife.org\/#organization","name":"Foro por el Progreso de Tenerife","url":"https:\/\/foroprogresotenerife.org\/","logo":{"@type":"ImageObject","inLanguage":"es","@id":"https:\/\/foroprogresotenerife.org\/#\/schema\/logo\/image\/","url":"https:\/\/foroprogresotenerife.org\/wp-content\/uploads\/2024\/03\/cropped-icono.png","contentUrl":"https:\/\/foroprogresotenerife.org\/wp-content\/uploads\/2024\/03\/cropped-icono.png","width":512,"height":512,"caption":"Foro por el Progreso de Tenerife"},"image":{"@id":"https:\/\/foroprogresotenerife.org\/#\/schema\/logo\/image\/"},"sameAs":["https:\/\/www.linkedin.com\/company\/foro-progreso-tenerife\/"]},{"@type":"Person","@id":"https:\/\/foroprogresotenerife.org\/#\/schema\/person\/cfda2e435a521aebf466fa8d6b3f5438","name":"Marta Gonz\u00e1lez-Casanova Rodr\u00edguez","url":"https:\/\/foroprogresotenerife.org\/index.php\/author\/marta-casanova\/"}]}},"_links":{"self":[{"href":"https:\/\/foroprogresotenerife.org\/index.php\/wp-json\/wp\/v2\/posts\/310","targetHints":{"allow":["GET"]}}],"collection":[{"href":"https:\/\/foroprogresotenerife.org\/index.php\/wp-json\/wp\/v2\/posts"}],"about":[{"href":"https:\/\/foroprogresotenerife.org\/index.php\/wp-json\/wp\/v2\/types\/post"}],"author":[{"embeddable":true,"href":"https:\/\/foroprogresotenerife.org\/index.php\/wp-json\/wp\/v2\/users\/3"}],"replies":[{"embeddable":true,"href":"https:\/\/foroprogresotenerife.org\/index.php\/wp-json\/wp\/v2\/comments?post=310"}],"version-history":[{"count":4,"href":"https:\/\/foroprogresotenerife.org\/index.php\/wp-json\/wp\/v2\/posts\/310\/revisions"}],"predecessor-version":[{"id":363,"href":"https:\/\/foroprogresotenerife.org\/index.php\/wp-json\/wp\/v2\/posts\/310\/revisions\/363"}],"wp:featuredmedia":[{"embeddable":true,"href":"https:\/\/foroprogresotenerife.org\/index.php\/wp-json\/wp\/v2\/media\/354"}],"wp:attachment":[{"href":"https:\/\/foroprogresotenerife.org\/index.php\/wp-json\/wp\/v2\/media?parent=310"}],"wp:term":[{"taxonomy":"category","embeddable":true,"href":"https:\/\/foroprogresotenerife.org\/index.php\/wp-json\/wp\/v2\/categories?post=310"},{"taxonomy":"post_tag","embeddable":true,"href":"https:\/\/foroprogresotenerife.org\/index.php\/wp-json\/wp\/v2\/tags?post=310"}],"curies":[{"name":"wp","href":"https:\/\/api.w.org\/{rel}","templated":true}]}}