{"id":328,"date":"2025-11-20T17:17:21","date_gmt":"2025-11-20T17:17:21","guid":{"rendered":"https:\/\/foroprogresotenerife.org\/?p=328"},"modified":"2025-11-24T18:11:06","modified_gmt":"2025-11-24T18:11:06","slug":"el-foro-traslada-a-los-vicepresidentes-del-gobierno-de-canarias-y-del-cabildo-sus-prioridades-para-el-ultimo-trimestre-de-2025","status":"publish","type":"post","link":"https:\/\/foroprogresotenerife.org\/index.php\/2025\/11\/20\/el-foro-traslada-a-los-vicepresidentes-del-gobierno-de-canarias-y-del-cabildo-sus-prioridades-para-el-ultimo-trimestre-de-2025\/","title":{"rendered":"El Foro traslada a los Vicepresidentes del Gobierno de Canarias y del Cabildo sus prioridades para el \u00faltimo trimestre de 2025"},"content":{"rendered":"\n<p><em>El encuentro de trabajo cont\u00f3 con la participaci\u00f3n del Vicepresidente del Gobierno de Canarias, Manuel Dom\u00ednguez, el Vicepresidente del Cabildo Insular de Tenerife, Lope Afonso y el Director General de Ordenaci\u00f3n Tur\u00edstica, Miguel \u00c1ngel Rodr\u00edguez<\/em><\/p>\n\n\n\n<p>El Foro por el Progreso de Tenerife (FPT) mantuvo un encuentro de trabajo con el Vicepresidente del Gobierno de Canarias, Manuel Dom\u00ednguez, el Vicepresidente del Cabildo Insular de Tenerife, Lope Afonso, y el Director General de Ordenaci\u00f3n Tur\u00edstica, Miguel \u00c1ngel Rodr\u00edguez, con el objetivo de analizar los principales retos estrat\u00e9gicos que condicionan la competitividad, la sostenibilidad y el desarrollo econ\u00f3mico de la isla.<\/p>\n\n\n\n<p>A lo largo de la sesi\u00f3n, celebrada en la sede de la C\u00e1mara de Comercio, el Foro expuso las prioridades del tejido empresarial y profesional en torno a cinco \u00e1reas clave: la reforma de la Ley de Ordenaci\u00f3n Tur\u00edstica de Canarias, el acceso a la vivienda y la regulaci\u00f3n del alquiler vacacional, la situaci\u00f3n del mercado laboral, el estado de los contratos de obras p\u00fablicas y carreteras, y el despliegue de energ\u00edas renovables.<\/p>\n\n\n\n<p>En relaci\u00f3n con la reforma de la Ley de Ordenaci\u00f3n Tur\u00edstica, el Foro subray\u00f3 la necesidad de garantizar un equilibrio entre sostenibilidad, competitividad y simplificaci\u00f3n administrativa. Se traslad\u00f3 la preocupaci\u00f3n del sector tur\u00edstico de Tenerife por el posible impacto de la modificaci\u00f3n del principio de unidad de explotaci\u00f3n, se\u00f1alando los riesgos sobre los procesos de reposicionamiento del destino, la calidad de la oferta, la estabilidad financiera de los complejos y la conectividad a\u00e9rea. El Foro comunic\u00f3 que trabaja en una hoja de propuestas que ser\u00e1n remitidas a la Consejer\u00eda pr\u00f3ximamente.&nbsp;<\/p>\n\n\n\n<p>Respecto al acceso a la vivienda, el Foro valor\u00f3 la regulaci\u00f3n impulsada por el Gobierno de Canarias sobre el alquiler vacacional al tiempo que insisti\u00f3 en la urgencia de incrementar la oferta estructural mediante incentivos a la construcci\u00f3n a trav\u00e9s de la RIC, la rehabilitaci\u00f3n de inmuebles vac\u00edos y la cesi\u00f3n de suelo p\u00fablico en derecho de superficie. Se destac\u00f3 tambi\u00e9n la importancia de acelerar la programaci\u00f3n de suelos y de reforzar los mecanismos de concesi\u00f3n de licencias mediante medios propios, colegios profesionales y ECUs.<\/p>\n\n\n\n<p>En el \u00e1mbito laboral, se traslad\u00f3 la preocupaci\u00f3n por la coexistencia de un elevado desempleo con falta de mano de obra cualificada. El absentismo, situado entre el 8% y el 12%, sigue siendo un factor que merma productividad y competitividad. El Foro plante\u00f3 la necesidad de mejorar la coordinaci\u00f3n entre mutuas y servicios sanitarios, as\u00ed como de avanzar en pol\u00edticas que permitan atraer y retener talento, alineando la formaci\u00f3n y el empleo con las necesidades reales del mercado.<\/p>\n\n\n\n<p>Sobre las infraestructuras p\u00fablicas, el Foro se\u00f1al\u00f3 que la ralentizaci\u00f3n en la ejecuci\u00f3n de contratos de carreteras y obras b\u00e1sicas contin\u00faa siendo uno de los principales lastres para la isla y reiter\u00f3 la urgencia de licitar las actuaciones aprobadas en los tramos de tercer carril de la TF-1 y la TF-5, as\u00ed como de garantizar los compromisos de AENA y mejorar la conectividad con las islas verdes. En este sentido, se respald\u00f3 la creaci\u00f3n de un grupo de trabajo sobre el futuro del Puerto de Los Cristianos y la viabilidad de Fonsal\u00eda.<\/p>\n\n\n\n<p>Finalmente, en materia de energ\u00edas renovables, el Foro destac\u00f3 el retraso de Tenerife frente al resto de Espa\u00f1a y a los objetivos del PNIEC, alertando sobre la falta de una planificaci\u00f3n coordinada entre Cabildo, Gobierno y Red El\u00e9ctrica. Se insisti\u00f3 en la necesidad de reforzar los sistemas de generaci\u00f3n, clarificar la aplicaci\u00f3n del art\u00edculo 6 bis de la Ley del Sector El\u00e9ctrico canario y avanzar en modelos retributivos que faciliten proyectos h\u00edbridos con acumulaci\u00f3n.<\/p>\n\n\n\n<p>Los miembros del Foro valoraron positivamente la disposici\u00f3n de las instituciones a escuchar de forma activa y a avanzar hacia un espacio de trabajo compartido para afrontar los retos estructurales de la isla. \u201cTenerife necesita un marco de seguridad jur\u00eddica, infraestructuras a la altura de su desarrollo y una agenda p\u00fablica alineada con los desaf\u00edos competitivos del territorio. Nuestro objetivo es contribuir, desde el an\u00e1lisis y el rigor, a que las decisiones estrat\u00e9gicas se traduzcan en resultados reales para la ciudadan\u00eda\u201d, se\u00f1al\u00f3 su portavoz al cierre del encuentro.<\/p>\n","protected":false},"excerpt":{"rendered":"<p>El encuentro de trabajo cont\u00f3 con la participaci\u00f3n del Vicepresidente del Gobierno de Canarias, Manuel Dom\u00ednguez, el Vicepresidente del Cabildo Insular de Tenerife, Lope Afonso y el Director General de Ordenaci\u00f3n Tur\u00edstica, Miguel \u00c1ngel Rodr\u00edguez El Foro por el Progreso de Tenerife (FPT) mantuvo un encuentro de trabajo con el Vicepresidente del Gobierno de Canarias, [&hellip;]<\/p>\n","protected":false},"author":5,"featured_media":329,"comment_status":"closed","ping_status":"closed","sticky":false,"template":"","format":"standard","meta":{"_et_pb_use_builder":"","_et_pb_old_content":"","_et_gb_content_width":"","_themeisle_gutenberg_block_has_review":false,"footnotes":""},"categories":[7,8,5],"tags":[],"class_list":["post-328","post","type-post","status-publish","format-standard","has-post-thumbnail","hentry","category-conectividad","category-turismo","category-vivienda"],"yoast_head":"<!-- This site is optimized with the Yoast SEO plugin v26.4 - https:\/\/yoast.com\/wordpress\/plugins\/seo\/ -->\n<title>El Foro traslada a los Vicepresidentes del Gobierno de Canarias y del Cabildo sus prioridades para el \u00faltimo trimestre de 2025 - Foro por el Progreso de Tenerife<\/title>\n<meta name=\"robots\" content=\"noindex, follow, max-snippet:-1, max-image-preview:large, max-video-preview:-1\" \/>\n<meta property=\"og:locale\" content=\"es_ES\" \/>\n<meta property=\"og:type\" content=\"article\" \/>\n<meta property=\"og:title\" content=\"El Foro traslada a los Vicepresidentes del Gobierno de Canarias y del Cabildo sus prioridades para el \u00faltimo trimestre de 2025 - Foro por el Progreso de Tenerife\" \/>\n<meta property=\"og:description\" content=\"El encuentro de trabajo cont\u00f3 con la participaci\u00f3n del Vicepresidente del Gobierno de Canarias, Manuel Dom\u00ednguez, el Vicepresidente del Cabildo Insular de Tenerife, Lope Afonso y el Director General de Ordenaci\u00f3n Tur\u00edstica, Miguel \u00c1ngel Rodr\u00edguez El Foro por el Progreso de Tenerife (FPT) mantuvo un encuentro de trabajo con el Vicepresidente del Gobierno de Canarias, [&hellip;]\" \/>\n<meta property=\"og:url\" content=\"https:\/\/foroprogresotenerife.org\/index.php\/2025\/11\/20\/el-foro-traslada-a-los-vicepresidentes-del-gobierno-de-canarias-y-del-cabildo-sus-prioridades-para-el-ultimo-trimestre-de-2025\/\" \/>\n<meta property=\"og:site_name\" content=\"Foro por el Progreso de Tenerife\" \/>\n<meta property=\"article:published_time\" content=\"2025-11-20T17:17:21+00:00\" \/>\n<meta property=\"article:modified_time\" content=\"2025-11-24T18:11:06+00:00\" \/>\n<meta property=\"og:image\" content=\"https:\/\/foroprogresotenerife.org\/wp-content\/uploads\/2025\/11\/20251120_Encuentro.png\" \/>\n\t<meta property=\"og:image:width\" content=\"1093\" \/>\n\t<meta property=\"og:image:height\" content=\"472\" \/>\n\t<meta property=\"og:image:type\" content=\"image\/png\" \/>\n<meta name=\"author\" content=\"Zulay Rodr\u00edguez\" \/>\n<meta name=\"twitter:card\" content=\"summary_large_image\" \/>\n<meta name=\"twitter:label1\" content=\"Escrito por\" \/>\n\t<meta name=\"twitter:data1\" content=\"Zulay Rodr\u00edguez\" \/>\n\t<meta name=\"twitter:label2\" content=\"Tiempo de lectura\" \/>\n\t<meta name=\"twitter:data2\" content=\"4 minutos\" \/>\n<script type=\"application\/ld+json\" class=\"yoast-schema-graph\">{\"@context\":\"https:\/\/schema.org\",\"@graph\":[{\"@type\":\"Article\",\"@id\":\"https:\/\/foroprogresotenerife.org\/index.php\/2025\/11\/20\/el-foro-traslada-a-los-vicepresidentes-del-gobierno-de-canarias-y-del-cabildo-sus-prioridades-para-el-ultimo-trimestre-de-2025\/#article\",\"isPartOf\":{\"@id\":\"https:\/\/foroprogresotenerife.org\/index.php\/2025\/11\/20\/el-foro-traslada-a-los-vicepresidentes-del-gobierno-de-canarias-y-del-cabildo-sus-prioridades-para-el-ultimo-trimestre-de-2025\/\"},\"author\":{\"name\":\"Zulay Rodr\u00edguez\",\"@id\":\"https:\/\/foroprogresotenerife.org\/#\/schema\/person\/6b3c925f13be45874374bfedf6091b30\"},\"headline\":\"El Foro traslada a los Vicepresidentes del Gobierno de Canarias y del Cabildo sus prioridades para el \u00faltimo trimestre de 2025\",\"datePublished\":\"2025-11-20T17:17:21+00:00\",\"dateModified\":\"2025-11-24T18:11:06+00:00\",\"mainEntityOfPage\":{\"@id\":\"https:\/\/foroprogresotenerife.org\/index.php\/2025\/11\/20\/el-foro-traslada-a-los-vicepresidentes-del-gobierno-de-canarias-y-del-cabildo-sus-prioridades-para-el-ultimo-trimestre-de-2025\/\"},\"wordCount\":768,\"publisher\":{\"@id\":\"https:\/\/foroprogresotenerife.org\/#organization\"},\"image\":{\"@id\":\"https:\/\/foroprogresotenerife.org\/index.php\/2025\/11\/20\/el-foro-traslada-a-los-vicepresidentes-del-gobierno-de-canarias-y-del-cabildo-sus-prioridades-para-el-ultimo-trimestre-de-2025\/#primaryimage\"},\"thumbnailUrl\":\"https:\/\/foroprogresotenerife.org\/wp-content\/uploads\/2025\/11\/20251120_Encuentro.png\",\"articleSection\":[\"Conectividad\",\"Turismo\",\"Vivienda\"],\"inLanguage\":\"es\"},{\"@type\":\"WebPage\",\"@id\":\"https:\/\/foroprogresotenerife.org\/index.php\/2025\/11\/20\/el-foro-traslada-a-los-vicepresidentes-del-gobierno-de-canarias-y-del-cabildo-sus-prioridades-para-el-ultimo-trimestre-de-2025\/\",\"url\":\"https:\/\/foroprogresotenerife.org\/index.php\/2025\/11\/20\/el-foro-traslada-a-los-vicepresidentes-del-gobierno-de-canarias-y-del-cabildo-sus-prioridades-para-el-ultimo-trimestre-de-2025\/\",\"name\":\"El Foro traslada a los Vicepresidentes del Gobierno de Canarias y del Cabildo sus prioridades para el \u00faltimo trimestre de 2025 - Foro por el Progreso de Tenerife\",\"isPartOf\":{\"@id\":\"https:\/\/foroprogresotenerife.org\/#website\"},\"primaryImageOfPage\":{\"@id\":\"https:\/\/foroprogresotenerife.org\/index.php\/2025\/11\/20\/el-foro-traslada-a-los-vicepresidentes-del-gobierno-de-canarias-y-del-cabildo-sus-prioridades-para-el-ultimo-trimestre-de-2025\/#primaryimage\"},\"image\":{\"@id\":\"https:\/\/foroprogresotenerife.org\/index.php\/2025\/11\/20\/el-foro-traslada-a-los-vicepresidentes-del-gobierno-de-canarias-y-del-cabildo-sus-prioridades-para-el-ultimo-trimestre-de-2025\/#primaryimage\"},\"thumbnailUrl\":\"https:\/\/foroprogresotenerife.org\/wp-content\/uploads\/2025\/11\/20251120_Encuentro.png\",\"datePublished\":\"2025-11-20T17:17:21+00:00\",\"dateModified\":\"2025-11-24T18:11:06+00:00\",\"breadcrumb\":{\"@id\":\"https:\/\/foroprogresotenerife.org\/index.php\/2025\/11\/20\/el-foro-traslada-a-los-vicepresidentes-del-gobierno-de-canarias-y-del-cabildo-sus-prioridades-para-el-ultimo-trimestre-de-2025\/#breadcrumb\"},\"inLanguage\":\"es\",\"potentialAction\":[{\"@type\":\"ReadAction\",\"target\":[\"https:\/\/foroprogresotenerife.org\/index.php\/2025\/11\/20\/el-foro-traslada-a-los-vicepresidentes-del-gobierno-de-canarias-y-del-cabildo-sus-prioridades-para-el-ultimo-trimestre-de-2025\/\"]}]},{\"@type\":\"ImageObject\",\"inLanguage\":\"es\",\"@id\":\"https:\/\/foroprogresotenerife.org\/index.php\/2025\/11\/20\/el-foro-traslada-a-los-vicepresidentes-del-gobierno-de-canarias-y-del-cabildo-sus-prioridades-para-el-ultimo-trimestre-de-2025\/#primaryimage\",\"url\":\"https:\/\/foroprogresotenerife.org\/wp-content\/uploads\/2025\/11\/20251120_Encuentro.png\",\"contentUrl\":\"https:\/\/foroprogresotenerife.org\/wp-content\/uploads\/2025\/11\/20251120_Encuentro.png\",\"width\":1093,\"height\":472},{\"@type\":\"BreadcrumbList\",\"@id\":\"https:\/\/foroprogresotenerife.org\/index.php\/2025\/11\/20\/el-foro-traslada-a-los-vicepresidentes-del-gobierno-de-canarias-y-del-cabildo-sus-prioridades-para-el-ultimo-trimestre-de-2025\/#breadcrumb\",\"itemListElement\":[{\"@type\":\"ListItem\",\"position\":1,\"name\":\"Portada\",\"item\":\"https:\/\/foroprogresotenerife.org\/\"},{\"@type\":\"ListItem\",\"position\":2,\"name\":\"El Foro traslada a los Vicepresidentes del Gobierno de Canarias y del Cabildo sus prioridades para el \u00faltimo trimestre de 2025\"}]},{\"@type\":\"WebSite\",\"@id\":\"https:\/\/foroprogresotenerife.org\/#website\",\"url\":\"https:\/\/foroprogresotenerife.org\/\",\"name\":\"Foro por el Progreso de Tenerife\",\"description\":\"El sector empresarial de Tenerife se une para favorecer el crecimiento de la Isla y reducir los desequilibrios\",\"publisher\":{\"@id\":\"https:\/\/foroprogresotenerife.org\/#organization\"},\"potentialAction\":[{\"@type\":\"SearchAction\",\"target\":{\"@type\":\"EntryPoint\",\"urlTemplate\":\"https:\/\/foroprogresotenerife.org\/?s={search_term_string}\"},\"query-input\":{\"@type\":\"PropertyValueSpecification\",\"valueRequired\":true,\"valueName\":\"search_term_string\"}}],\"inLanguage\":\"es\"},{\"@type\":\"Organization\",\"@id\":\"https:\/\/foroprogresotenerife.org\/#organization\",\"name\":\"Foro por el Progreso de Tenerife\",\"url\":\"https:\/\/foroprogresotenerife.org\/\",\"logo\":{\"@type\":\"ImageObject\",\"inLanguage\":\"es\",\"@id\":\"https:\/\/foroprogresotenerife.org\/#\/schema\/logo\/image\/\",\"url\":\"https:\/\/foroprogresotenerife.org\/wp-content\/uploads\/2024\/03\/cropped-icono.png\",\"contentUrl\":\"https:\/\/foroprogresotenerife.org\/wp-content\/uploads\/2024\/03\/cropped-icono.png\",\"width\":512,\"height\":512,\"caption\":\"Foro por el Progreso de Tenerife\"},\"image\":{\"@id\":\"https:\/\/foroprogresotenerife.org\/#\/schema\/logo\/image\/\"},\"sameAs\":[\"https:\/\/www.linkedin.com\/company\/foro-progreso-tenerife\/\"]},{\"@type\":\"Person\",\"@id\":\"https:\/\/foroprogresotenerife.org\/#\/schema\/person\/6b3c925f13be45874374bfedf6091b30\",\"name\":\"Zulay Rodr\u00edguez\",\"url\":\"https:\/\/foroprogresotenerife.org\/index.php\/author\/zulay\/\"}]}<\/script>\n<!-- \/ Yoast SEO plugin. -->","yoast_head_json":{"title":"El Foro traslada a los Vicepresidentes del Gobierno de Canarias y del Cabildo sus prioridades para el \u00faltimo trimestre de 2025 - Foro por el Progreso de Tenerife","robots":{"index":"noindex","follow":"follow","max-snippet":"max-snippet:-1","max-image-preview":"max-image-preview:large","max-video-preview":"max-video-preview:-1"},"og_locale":"es_ES","og_type":"article","og_title":"El Foro traslada a los Vicepresidentes del Gobierno de Canarias y del Cabildo sus prioridades para el \u00faltimo trimestre de 2025 - Foro por el Progreso de Tenerife","og_description":"El encuentro de trabajo cont\u00f3 con la participaci\u00f3n del Vicepresidente del Gobierno de Canarias, Manuel Dom\u00ednguez, el Vicepresidente del Cabildo Insular de Tenerife, Lope Afonso y el Director General de Ordenaci\u00f3n Tur\u00edstica, Miguel \u00c1ngel Rodr\u00edguez El Foro por el Progreso de Tenerife (FPT) mantuvo un encuentro de trabajo con el Vicepresidente del Gobierno de Canarias, [&hellip;]","og_url":"https:\/\/foroprogresotenerife.org\/index.php\/2025\/11\/20\/el-foro-traslada-a-los-vicepresidentes-del-gobierno-de-canarias-y-del-cabildo-sus-prioridades-para-el-ultimo-trimestre-de-2025\/","og_site_name":"Foro por el Progreso de Tenerife","article_published_time":"2025-11-20T17:17:21+00:00","article_modified_time":"2025-11-24T18:11:06+00:00","og_image":[{"width":1093,"height":472,"url":"https:\/\/foroprogresotenerife.org\/wp-content\/uploads\/2025\/11\/20251120_Encuentro.png","type":"image\/png"}],"author":"Zulay Rodr\u00edguez","twitter_card":"summary_large_image","twitter_misc":{"Escrito por":"Zulay Rodr\u00edguez","Tiempo de lectura":"4 minutos"},"schema":{"@context":"https:\/\/schema.org","@graph":[{"@type":"Article","@id":"https:\/\/foroprogresotenerife.org\/index.php\/2025\/11\/20\/el-foro-traslada-a-los-vicepresidentes-del-gobierno-de-canarias-y-del-cabildo-sus-prioridades-para-el-ultimo-trimestre-de-2025\/#article","isPartOf":{"@id":"https:\/\/foroprogresotenerife.org\/index.php\/2025\/11\/20\/el-foro-traslada-a-los-vicepresidentes-del-gobierno-de-canarias-y-del-cabildo-sus-prioridades-para-el-ultimo-trimestre-de-2025\/"},"author":{"name":"Zulay Rodr\u00edguez","@id":"https:\/\/foroprogresotenerife.org\/#\/schema\/person\/6b3c925f13be45874374bfedf6091b30"},"headline":"El Foro traslada a los Vicepresidentes del Gobierno de Canarias y del Cabildo sus prioridades para el \u00faltimo trimestre de 2025","datePublished":"2025-11-20T17:17:21+00:00","dateModified":"2025-11-24T18:11:06+00:00","mainEntityOfPage":{"@id":"https:\/\/foroprogresotenerife.org\/index.php\/2025\/11\/20\/el-foro-traslada-a-los-vicepresidentes-del-gobierno-de-canarias-y-del-cabildo-sus-prioridades-para-el-ultimo-trimestre-de-2025\/"},"wordCount":768,"publisher":{"@id":"https:\/\/foroprogresotenerife.org\/#organization"},"image":{"@id":"https:\/\/foroprogresotenerife.org\/index.php\/2025\/11\/20\/el-foro-traslada-a-los-vicepresidentes-del-gobierno-de-canarias-y-del-cabildo-sus-prioridades-para-el-ultimo-trimestre-de-2025\/#primaryimage"},"thumbnailUrl":"https:\/\/foroprogresotenerife.org\/wp-content\/uploads\/2025\/11\/20251120_Encuentro.png","articleSection":["Conectividad","Turismo","Vivienda"],"inLanguage":"es"},{"@type":"WebPage","@id":"https:\/\/foroprogresotenerife.org\/index.php\/2025\/11\/20\/el-foro-traslada-a-los-vicepresidentes-del-gobierno-de-canarias-y-del-cabildo-sus-prioridades-para-el-ultimo-trimestre-de-2025\/","url":"https:\/\/foroprogresotenerife.org\/index.php\/2025\/11\/20\/el-foro-traslada-a-los-vicepresidentes-del-gobierno-de-canarias-y-del-cabildo-sus-prioridades-para-el-ultimo-trimestre-de-2025\/","name":"El Foro traslada a los Vicepresidentes del Gobierno de Canarias y del Cabildo sus prioridades para el \u00faltimo trimestre de 2025 - Foro por el Progreso de Tenerife","isPartOf":{"@id":"https:\/\/foroprogresotenerife.org\/#website"},"primaryImageOfPage":{"@id":"https:\/\/foroprogresotenerife.org\/index.php\/2025\/11\/20\/el-foro-traslada-a-los-vicepresidentes-del-gobierno-de-canarias-y-del-cabildo-sus-prioridades-para-el-ultimo-trimestre-de-2025\/#primaryimage"},"image":{"@id":"https:\/\/foroprogresotenerife.org\/index.php\/2025\/11\/20\/el-foro-traslada-a-los-vicepresidentes-del-gobierno-de-canarias-y-del-cabildo-sus-prioridades-para-el-ultimo-trimestre-de-2025\/#primaryimage"},"thumbnailUrl":"https:\/\/foroprogresotenerife.org\/wp-content\/uploads\/2025\/11\/20251120_Encuentro.png","datePublished":"2025-11-20T17:17:21+00:00","dateModified":"2025-11-24T18:11:06+00:00","breadcrumb":{"@id":"https:\/\/foroprogresotenerife.org\/index.php\/2025\/11\/20\/el-foro-traslada-a-los-vicepresidentes-del-gobierno-de-canarias-y-del-cabildo-sus-prioridades-para-el-ultimo-trimestre-de-2025\/#breadcrumb"},"inLanguage":"es","potentialAction":[{"@type":"ReadAction","target":["https:\/\/foroprogresotenerife.org\/index.php\/2025\/11\/20\/el-foro-traslada-a-los-vicepresidentes-del-gobierno-de-canarias-y-del-cabildo-sus-prioridades-para-el-ultimo-trimestre-de-2025\/"]}]},{"@type":"ImageObject","inLanguage":"es","@id":"https:\/\/foroprogresotenerife.org\/index.php\/2025\/11\/20\/el-foro-traslada-a-los-vicepresidentes-del-gobierno-de-canarias-y-del-cabildo-sus-prioridades-para-el-ultimo-trimestre-de-2025\/#primaryimage","url":"https:\/\/foroprogresotenerife.org\/wp-content\/uploads\/2025\/11\/20251120_Encuentro.png","contentUrl":"https:\/\/foroprogresotenerife.org\/wp-content\/uploads\/2025\/11\/20251120_Encuentro.png","width":1093,"height":472},{"@type":"BreadcrumbList","@id":"https:\/\/foroprogresotenerife.org\/index.php\/2025\/11\/20\/el-foro-traslada-a-los-vicepresidentes-del-gobierno-de-canarias-y-del-cabildo-sus-prioridades-para-el-ultimo-trimestre-de-2025\/#breadcrumb","itemListElement":[{"@type":"ListItem","position":1,"name":"Portada","item":"https:\/\/foroprogresotenerife.org\/"},{"@type":"ListItem","position":2,"name":"El Foro traslada a los Vicepresidentes del Gobierno de Canarias y del Cabildo sus prioridades para el \u00faltimo trimestre de 2025"}]},{"@type":"WebSite","@id":"https:\/\/foroprogresotenerife.org\/#website","url":"https:\/\/foroprogresotenerife.org\/","name":"Foro por el Progreso de Tenerife","description":"El sector empresarial de Tenerife se une para favorecer el crecimiento de la Isla y reducir los desequilibrios","publisher":{"@id":"https:\/\/foroprogresotenerife.org\/#organization"},"potentialAction":[{"@type":"SearchAction","target":{"@type":"EntryPoint","urlTemplate":"https:\/\/foroprogresotenerife.org\/?s={search_term_string}"},"query-input":{"@type":"PropertyValueSpecification","valueRequired":true,"valueName":"search_term_string"}}],"inLanguage":"es"},{"@type":"Organization","@id":"https:\/\/foroprogresotenerife.org\/#organization","name":"Foro por el Progreso de Tenerife","url":"https:\/\/foroprogresotenerife.org\/","logo":{"@type":"ImageObject","inLanguage":"es","@id":"https:\/\/foroprogresotenerife.org\/#\/schema\/logo\/image\/","url":"https:\/\/foroprogresotenerife.org\/wp-content\/uploads\/2024\/03\/cropped-icono.png","contentUrl":"https:\/\/foroprogresotenerife.org\/wp-content\/uploads\/2024\/03\/cropped-icono.png","width":512,"height":512,"caption":"Foro por el Progreso de Tenerife"},"image":{"@id":"https:\/\/foroprogresotenerife.org\/#\/schema\/logo\/image\/"},"sameAs":["https:\/\/www.linkedin.com\/company\/foro-progreso-tenerife\/"]},{"@type":"Person","@id":"https:\/\/foroprogresotenerife.org\/#\/schema\/person\/6b3c925f13be45874374bfedf6091b30","name":"Zulay Rodr\u00edguez","url":"https:\/\/foroprogresotenerife.org\/index.php\/author\/zulay\/"}]}},"_links":{"self":[{"href":"https:\/\/foroprogresotenerife.org\/index.php\/wp-json\/wp\/v2\/posts\/328","targetHints":{"allow":["GET"]}}],"collection":[{"href":"https:\/\/foroprogresotenerife.org\/index.php\/wp-json\/wp\/v2\/posts"}],"about":[{"href":"https:\/\/foroprogresotenerife.org\/index.php\/wp-json\/wp\/v2\/types\/post"}],"author":[{"embeddable":true,"href":"https:\/\/foroprogresotenerife.org\/index.php\/wp-json\/wp\/v2\/users\/5"}],"replies":[{"embeddable":true,"href":"https:\/\/foroprogresotenerife.org\/index.php\/wp-json\/wp\/v2\/comments?post=328"}],"version-history":[{"count":5,"href":"https:\/\/foroprogresotenerife.org\/index.php\/wp-json\/wp\/v2\/posts\/328\/revisions"}],"predecessor-version":[{"id":350,"href":"https:\/\/foroprogresotenerife.org\/index.php\/wp-json\/wp\/v2\/posts\/328\/revisions\/350"}],"wp:featuredmedia":[{"embeddable":true,"href":"https:\/\/foroprogresotenerife.org\/index.php\/wp-json\/wp\/v2\/media\/329"}],"wp:attachment":[{"href":"https:\/\/foroprogresotenerife.org\/index.php\/wp-json\/wp\/v2\/media?parent=328"}],"wp:term":[{"taxonomy":"category","embeddable":true,"href":"https:\/\/foroprogresotenerife.org\/index.php\/wp-json\/wp\/v2\/categories?post=328"},{"taxonomy":"post_tag","embeddable":true,"href":"https:\/\/foroprogresotenerife.org\/index.php\/wp-json\/wp\/v2\/tags?post=328"}],"curies":[{"name":"wp","href":"https:\/\/api.w.org\/{rel}","templated":true}]}}