{"id":335,"date":"2025-07-08T17:41:45","date_gmt":"2025-07-08T17:41:45","guid":{"rendered":"https:\/\/foroprogresotenerife.org\/?p=335"},"modified":"2025-11-24T19:12:11","modified_gmt":"2025-11-24T19:12:11","slug":"el-foro-se-posiciona-a-favor-del-nuevo-decreto-ley-3-2025-como-herramienta-para-agilizar-las-licencias-urbanisticas","status":"publish","type":"post","link":"https:\/\/foroprogresotenerife.org\/index.php\/2025\/07\/08\/el-foro-se-posiciona-a-favor-del-nuevo-decreto-ley-3-2025-como-herramienta-para-agilizar-las-licencias-urbanisticas\/","title":{"rendered":"Jornada sobre el nuevo Decreto Ley 3\/2025 como herramienta para agilizar las licencias urban\u00edsticas\u00a0"},"content":{"rendered":"\n<p><em>El Foro para el Progreso de Tenerife y el Colegio de Arquitectos analizan el nuevo Decreto Ley 3\/2025 como herramienta para agilizar las licencias urban\u00edsticas\u00a0en la que ambos subrayan que la reducci\u00f3n de los plazos de las licencias urban\u00edsticas puede desbloquear inversiones millonarias y reactivar un sector que sostiene miles de empleos en Tenerife.<\/em><\/p>\n\n\n\n<p>El Foro para el Progreso de Tenerife (FPT) celebr\u00f3 una jornada de trabajo dedicada exclusivamente al Decreto Ley 3\/2025, de 21 de abril, una normativa clave que introduce un nuevo marco jur\u00eddico destinado a agilizar la tramitaci\u00f3n de licencias urban\u00edsticas y reforzar la colaboraci\u00f3n p\u00fablico-privada en Canarias.<\/p>\n\n\n\n<p>El encuentro, organizado por el FPT en colaboraci\u00f3n con el Colegio Oficial de Arquitectos de Tenerife, La Gomera y El Hierro (COACTFE), reuni\u00f3 a t\u00e9cnicos, juristas, responsables municipales y representantes de los principales colegios profesionales vinculados al \u00e1mbito de la ingenier\u00eda y la edificaci\u00f3n. La jornada tuvo lugar en la sede colegial y cont\u00f3 con un formato din\u00e1mico que combin\u00f3 ponencias t\u00e9cnicas, an\u00e1lisis jur\u00eddico y debate abierto.<\/p>\n\n\n\n<p>La sesi\u00f3n fue inaugurada por la decana del COACTFE, Mar\u00eda Nieves Febles, y el portavoz del Foro para el Progreso de Tenerife, Antonio Armas, quienes coincidieron en destacar que este nuevo decreto constituye \u201cuna oportunidad real para reducir la burocracia y avanzar hacia una administraci\u00f3n m\u00e1s \u00e1gil y eficiente\u201d.<\/p>\n\n\n\n<p>El programa, estructurado en tres bloques tem\u00e1ticos, abri\u00f3 con la mesa titulada \u201cLa oportunidad del DL 3\/2025 como palanca para la agilizaci\u00f3n de la tramitaci\u00f3n de las licencias urban\u00edsticas\u201d, en la que intervinieron el alcalde de La Orotava, Francisco Linares, y el director t\u00e9cnico del FPT, Carlos Alonso, quienes coincidieron en que la normativa \u201cmarca un antes y un despu\u00e9s en la colaboraci\u00f3n entre ayuntamientos y colegios profesionales\u201d, al permitir la tramitaci\u00f3n m\u00e1s fluida de los expedientes sin mermar las garant\u00edas t\u00e9cnicas.<\/p>\n\n\n\n<p>El segundo bloque, \u201cEl papel de los Colegios Profesionales en el marco del DL 3\/2025: r\u00e9gimen de colaboraci\u00f3n para los ayuntamientos y los promotores\u201d, reuni\u00f3 a representantes de la Mesa de la Ingenier\u00eda de Canarias (MICAN) y de los colegios profesionales de Ingenieros de Caminos, Industriales y de Telecomunicaciones, junto con el secretario t\u00e9cnico del COACTFE, Juan M\u00e1rquez Cabrera, y el jefe de Visados, Javier Dasdores de Armas. En este apartado se analizaron los retos de coordinaci\u00f3n y las oportunidades que abre el decreto para los servicios de visado y control t\u00e9cnico colegial.<\/p>\n\n\n\n<p>La parte final de la jornada, bajo el t\u00edtulo \u201cEl nuevo marco de licencias urban\u00edsticas: competencias municipales, informe t\u00e9cnico y r\u00e9gimen de responsabilidad tras el DL 3\/2025\u201d, cont\u00f3 con las intervenciones de Mart\u00edn Orozco Mu\u00f1oz, jurista especializado en Derecho administrativo y urban\u00edstico, Antonio Dom\u00ednguez Vila, secretario de Administraci\u00f3n local en excedencia, y Emilio Gonz\u00e1lez Hern\u00e1ndez, abogado urbanista. Todos coincidieron en que el nuevo sistema \u201crefuerza la seguridad jur\u00eddica y reduce notablemente los plazos de resoluci\u00f3n de licencias\u201d.<\/p>\n\n\n\n<p>Como cierre, se celebr\u00f3 una mesa redonda moderada por el director general de Ordenaci\u00f3n del Territorio y Cohesi\u00f3n Territorial del Gobierno de Canarias, On\u00e1n Cruz D\u00edaz, en la que participaron todos los ponentes. El debate tambi\u00e9n permiti\u00f3 recoger las inquietudes y propuestas de los asistentes, en su mayor\u00eda t\u00e9cnicos municipales y profesionales del sector, interesados en conocer c\u00f3mo se aplicar\u00e1 la norma en la pr\u00e1ctica.<\/p>\n\n\n\n<p>Durante el encuentro se destac\u00f3 que los informes emitidos por los colegios profesionales en el marco de este decreto tendr\u00e1n validez jur\u00eddica inmediata, lo que permitir\u00e1 reducir los tiempos medios de tramitaci\u00f3n de m\u00e1s de dos a\u00f1os a aproximadamente seis meses, sin que ello suponga ning\u00fan incremento de tasas para los ciudadanos o promotores.<\/p>\n\n\n\n<p>El Colegio de Arquitectos anunci\u00f3 adem\u00e1s que est\u00e1 ultimando la creaci\u00f3n de una oficina t\u00e9cnica espec\u00edfica que asumir\u00e1 la elaboraci\u00f3n de estos informes, prevista para ponerse en marcha en los pr\u00f3ximos meses.<\/p>\n\n\n\n<p>La jornada tuvo una gran acogida y participaci\u00f3n activa, consolid\u00e1ndose como un ejemplo de cooperaci\u00f3n entre el \u00e1mbito t\u00e9cnico, jur\u00eddico y pol\u00edtico. Para el Foro para el Progreso de Tenerife, esta cita se enmarca en su estrategia de promover espacios de di\u00e1logo p\u00fablico-privado que impulsen el desarrollo sostenible de la isla y mejoren la competitividad de su tejido econ\u00f3mico.<\/p>\n","protected":false},"excerpt":{"rendered":"<p>El Foro para el Progreso de Tenerife y el Colegio de Arquitectos analizan el nuevo Decreto Ley 3\/2025 como herramienta para agilizar las licencias urban\u00edsticas\u00a0en la que ambos subrayan que la reducci\u00f3n de los plazos de las licencias urban\u00edsticas puede desbloquear inversiones millonarias y reactivar un sector que sostiene miles de empleos en Tenerife. El [&hellip;]<\/p>\n","protected":false},"author":5,"featured_media":351,"comment_status":"closed","ping_status":"closed","sticky":false,"template":"","format":"standard","meta":{"_et_pb_use_builder":"","_et_pb_old_content":"","_et_gb_content_width":"","_themeisle_gutenberg_block_has_review":false,"footnotes":""},"categories":[4,5],"tags":[],"class_list":["post-335","post","type-post","status-publish","format-standard","has-post-thumbnail","hentry","category-urbanismo","category-vivienda"],"yoast_head":"<!-- This site is optimized with the Yoast SEO plugin v26.4 - https:\/\/yoast.com\/wordpress\/plugins\/seo\/ -->\n<title>Jornada sobre el nuevo Decreto Ley 3\/2025 como herramienta para agilizar las licencias urban\u00edsticas\u00a0 - Foro por el Progreso de Tenerife<\/title>\n<meta name=\"robots\" content=\"noindex, follow, max-snippet:-1, max-image-preview:large, max-video-preview:-1\" \/>\n<meta property=\"og:locale\" content=\"es_ES\" \/>\n<meta property=\"og:type\" content=\"article\" \/>\n<meta property=\"og:title\" content=\"Jornada sobre el nuevo Decreto Ley 3\/2025 como herramienta para agilizar las licencias urban\u00edsticas\u00a0 - Foro por el Progreso de Tenerife\" \/>\n<meta property=\"og:description\" content=\"El Foro para el Progreso de Tenerife y el Colegio de Arquitectos analizan el nuevo Decreto Ley 3\/2025 como herramienta para agilizar las licencias urban\u00edsticas\u00a0en la que ambos subrayan que la reducci\u00f3n de los plazos de las licencias urban\u00edsticas puede desbloquear inversiones millonarias y reactivar un sector que sostiene miles de empleos en Tenerife. El [&hellip;]\" \/>\n<meta property=\"og:url\" content=\"https:\/\/foroprogresotenerife.org\/index.php\/2025\/07\/08\/el-foro-se-posiciona-a-favor-del-nuevo-decreto-ley-3-2025-como-herramienta-para-agilizar-las-licencias-urbanisticas\/\" \/>\n<meta property=\"og:site_name\" content=\"Foro por el Progreso de Tenerife\" \/>\n<meta property=\"article:published_time\" content=\"2025-07-08T17:41:45+00:00\" \/>\n<meta property=\"article:modified_time\" content=\"2025-11-24T19:12:11+00:00\" \/>\n<meta property=\"og:image\" content=\"https:\/\/foroprogresotenerife.org\/wp-content\/uploads\/2025\/07\/IMG_2142-scaled.jpg\" \/>\n\t<meta property=\"og:image:width\" content=\"1920\" \/>\n\t<meta property=\"og:image:height\" content=\"2560\" \/>\n\t<meta property=\"og:image:type\" content=\"image\/jpeg\" \/>\n<meta name=\"author\" content=\"Zulay Rodr\u00edguez\" \/>\n<meta name=\"twitter:card\" content=\"summary_large_image\" \/>\n<meta name=\"twitter:label1\" content=\"Escrito por\" \/>\n\t<meta name=\"twitter:data1\" content=\"Zulay Rodr\u00edguez\" \/>\n\t<meta name=\"twitter:label2\" content=\"Tiempo de lectura\" \/>\n\t<meta name=\"twitter:data2\" content=\"4 minutos\" \/>\n<script type=\"application\/ld+json\" class=\"yoast-schema-graph\">{\"@context\":\"https:\/\/schema.org\",\"@graph\":[{\"@type\":\"Article\",\"@id\":\"https:\/\/foroprogresotenerife.org\/index.php\/2025\/07\/08\/el-foro-se-posiciona-a-favor-del-nuevo-decreto-ley-3-2025-como-herramienta-para-agilizar-las-licencias-urbanisticas\/#article\",\"isPartOf\":{\"@id\":\"https:\/\/foroprogresotenerife.org\/index.php\/2025\/07\/08\/el-foro-se-posiciona-a-favor-del-nuevo-decreto-ley-3-2025-como-herramienta-para-agilizar-las-licencias-urbanisticas\/\"},\"author\":{\"name\":\"Zulay Rodr\u00edguez\",\"@id\":\"https:\/\/foroprogresotenerife.org\/#\/schema\/person\/6b3c925f13be45874374bfedf6091b30\"},\"headline\":\"Jornada sobre el nuevo Decreto Ley 3\/2025 como herramienta para agilizar las licencias urban\u00edsticas\u00a0\",\"datePublished\":\"2025-07-08T17:41:45+00:00\",\"dateModified\":\"2025-11-24T19:12:11+00:00\",\"mainEntityOfPage\":{\"@id\":\"https:\/\/foroprogresotenerife.org\/index.php\/2025\/07\/08\/el-foro-se-posiciona-a-favor-del-nuevo-decreto-ley-3-2025-como-herramienta-para-agilizar-las-licencias-urbanisticas\/\"},\"wordCount\":769,\"publisher\":{\"@id\":\"https:\/\/foroprogresotenerife.org\/#organization\"},\"image\":{\"@id\":\"https:\/\/foroprogresotenerife.org\/index.php\/2025\/07\/08\/el-foro-se-posiciona-a-favor-del-nuevo-decreto-ley-3-2025-como-herramienta-para-agilizar-las-licencias-urbanisticas\/#primaryimage\"},\"thumbnailUrl\":\"https:\/\/foroprogresotenerife.org\/wp-content\/uploads\/2025\/07\/IMG_2142-scaled.jpg\",\"articleSection\":[\"Urbanismo\",\"Vivienda\"],\"inLanguage\":\"es\"},{\"@type\":\"WebPage\",\"@id\":\"https:\/\/foroprogresotenerife.org\/index.php\/2025\/07\/08\/el-foro-se-posiciona-a-favor-del-nuevo-decreto-ley-3-2025-como-herramienta-para-agilizar-las-licencias-urbanisticas\/\",\"url\":\"https:\/\/foroprogresotenerife.org\/index.php\/2025\/07\/08\/el-foro-se-posiciona-a-favor-del-nuevo-decreto-ley-3-2025-como-herramienta-para-agilizar-las-licencias-urbanisticas\/\",\"name\":\"Jornada sobre el nuevo Decreto Ley 3\/2025 como herramienta para agilizar las licencias urban\u00edsticas\u00a0 - Foro por el Progreso de Tenerife\",\"isPartOf\":{\"@id\":\"https:\/\/foroprogresotenerife.org\/#website\"},\"primaryImageOfPage\":{\"@id\":\"https:\/\/foroprogresotenerife.org\/index.php\/2025\/07\/08\/el-foro-se-posiciona-a-favor-del-nuevo-decreto-ley-3-2025-como-herramienta-para-agilizar-las-licencias-urbanisticas\/#primaryimage\"},\"image\":{\"@id\":\"https:\/\/foroprogresotenerife.org\/index.php\/2025\/07\/08\/el-foro-se-posiciona-a-favor-del-nuevo-decreto-ley-3-2025-como-herramienta-para-agilizar-las-licencias-urbanisticas\/#primaryimage\"},\"thumbnailUrl\":\"https:\/\/foroprogresotenerife.org\/wp-content\/uploads\/2025\/07\/IMG_2142-scaled.jpg\",\"datePublished\":\"2025-07-08T17:41:45+00:00\",\"dateModified\":\"2025-11-24T19:12:11+00:00\",\"breadcrumb\":{\"@id\":\"https:\/\/foroprogresotenerife.org\/index.php\/2025\/07\/08\/el-foro-se-posiciona-a-favor-del-nuevo-decreto-ley-3-2025-como-herramienta-para-agilizar-las-licencias-urbanisticas\/#breadcrumb\"},\"inLanguage\":\"es\",\"potentialAction\":[{\"@type\":\"ReadAction\",\"target\":[\"https:\/\/foroprogresotenerife.org\/index.php\/2025\/07\/08\/el-foro-se-posiciona-a-favor-del-nuevo-decreto-ley-3-2025-como-herramienta-para-agilizar-las-licencias-urbanisticas\/\"]}]},{\"@type\":\"ImageObject\",\"inLanguage\":\"es\",\"@id\":\"https:\/\/foroprogresotenerife.org\/index.php\/2025\/07\/08\/el-foro-se-posiciona-a-favor-del-nuevo-decreto-ley-3-2025-como-herramienta-para-agilizar-las-licencias-urbanisticas\/#primaryimage\",\"url\":\"https:\/\/foroprogresotenerife.org\/wp-content\/uploads\/2025\/07\/IMG_2142-scaled.jpg\",\"contentUrl\":\"https:\/\/foroprogresotenerife.org\/wp-content\/uploads\/2025\/07\/IMG_2142-scaled.jpg\",\"width\":1920,\"height\":2560},{\"@type\":\"BreadcrumbList\",\"@id\":\"https:\/\/foroprogresotenerife.org\/index.php\/2025\/07\/08\/el-foro-se-posiciona-a-favor-del-nuevo-decreto-ley-3-2025-como-herramienta-para-agilizar-las-licencias-urbanisticas\/#breadcrumb\",\"itemListElement\":[{\"@type\":\"ListItem\",\"position\":1,\"name\":\"Portada\",\"item\":\"https:\/\/foroprogresotenerife.org\/\"},{\"@type\":\"ListItem\",\"position\":2,\"name\":\"Jornada sobre el nuevo Decreto Ley 3\/2025 como herramienta para agilizar las licencias urban\u00edsticas\u00a0\"}]},{\"@type\":\"WebSite\",\"@id\":\"https:\/\/foroprogresotenerife.org\/#website\",\"url\":\"https:\/\/foroprogresotenerife.org\/\",\"name\":\"Foro por el Progreso de Tenerife\",\"description\":\"El sector empresarial de Tenerife se une para favorecer el crecimiento de la Isla y reducir los desequilibrios\",\"publisher\":{\"@id\":\"https:\/\/foroprogresotenerife.org\/#organization\"},\"potentialAction\":[{\"@type\":\"SearchAction\",\"target\":{\"@type\":\"EntryPoint\",\"urlTemplate\":\"https:\/\/foroprogresotenerife.org\/?s={search_term_string}\"},\"query-input\":{\"@type\":\"PropertyValueSpecification\",\"valueRequired\":true,\"valueName\":\"search_term_string\"}}],\"inLanguage\":\"es\"},{\"@type\":\"Organization\",\"@id\":\"https:\/\/foroprogresotenerife.org\/#organization\",\"name\":\"Foro por el Progreso de Tenerife\",\"url\":\"https:\/\/foroprogresotenerife.org\/\",\"logo\":{\"@type\":\"ImageObject\",\"inLanguage\":\"es\",\"@id\":\"https:\/\/foroprogresotenerife.org\/#\/schema\/logo\/image\/\",\"url\":\"https:\/\/foroprogresotenerife.org\/wp-content\/uploads\/2024\/03\/cropped-icono.png\",\"contentUrl\":\"https:\/\/foroprogresotenerife.org\/wp-content\/uploads\/2024\/03\/cropped-icono.png\",\"width\":512,\"height\":512,\"caption\":\"Foro por el Progreso de Tenerife\"},\"image\":{\"@id\":\"https:\/\/foroprogresotenerife.org\/#\/schema\/logo\/image\/\"},\"sameAs\":[\"https:\/\/www.linkedin.com\/company\/foro-progreso-tenerife\/\"]},{\"@type\":\"Person\",\"@id\":\"https:\/\/foroprogresotenerife.org\/#\/schema\/person\/6b3c925f13be45874374bfedf6091b30\",\"name\":\"Zulay Rodr\u00edguez\",\"url\":\"https:\/\/foroprogresotenerife.org\/index.php\/author\/zulay\/\"}]}<\/script>\n<!-- \/ Yoast SEO plugin. -->","yoast_head_json":{"title":"Jornada sobre el nuevo Decreto Ley 3\/2025 como herramienta para agilizar las licencias urban\u00edsticas\u00a0 - Foro por el Progreso de Tenerife","robots":{"index":"noindex","follow":"follow","max-snippet":"max-snippet:-1","max-image-preview":"max-image-preview:large","max-video-preview":"max-video-preview:-1"},"og_locale":"es_ES","og_type":"article","og_title":"Jornada sobre el nuevo Decreto Ley 3\/2025 como herramienta para agilizar las licencias urban\u00edsticas\u00a0 - Foro por el Progreso de Tenerife","og_description":"El Foro para el Progreso de Tenerife y el Colegio de Arquitectos analizan el nuevo Decreto Ley 3\/2025 como herramienta para agilizar las licencias urban\u00edsticas\u00a0en la que ambos subrayan que la reducci\u00f3n de los plazos de las licencias urban\u00edsticas puede desbloquear inversiones millonarias y reactivar un sector que sostiene miles de empleos en Tenerife. El [&hellip;]","og_url":"https:\/\/foroprogresotenerife.org\/index.php\/2025\/07\/08\/el-foro-se-posiciona-a-favor-del-nuevo-decreto-ley-3-2025-como-herramienta-para-agilizar-las-licencias-urbanisticas\/","og_site_name":"Foro por el Progreso de Tenerife","article_published_time":"2025-07-08T17:41:45+00:00","article_modified_time":"2025-11-24T19:12:11+00:00","og_image":[{"width":1920,"height":2560,"url":"https:\/\/foroprogresotenerife.org\/wp-content\/uploads\/2025\/07\/IMG_2142-scaled.jpg","type":"image\/jpeg"}],"author":"Zulay Rodr\u00edguez","twitter_card":"summary_large_image","twitter_misc":{"Escrito por":"Zulay Rodr\u00edguez","Tiempo de lectura":"4 minutos"},"schema":{"@context":"https:\/\/schema.org","@graph":[{"@type":"Article","@id":"https:\/\/foroprogresotenerife.org\/index.php\/2025\/07\/08\/el-foro-se-posiciona-a-favor-del-nuevo-decreto-ley-3-2025-como-herramienta-para-agilizar-las-licencias-urbanisticas\/#article","isPartOf":{"@id":"https:\/\/foroprogresotenerife.org\/index.php\/2025\/07\/08\/el-foro-se-posiciona-a-favor-del-nuevo-decreto-ley-3-2025-como-herramienta-para-agilizar-las-licencias-urbanisticas\/"},"author":{"name":"Zulay Rodr\u00edguez","@id":"https:\/\/foroprogresotenerife.org\/#\/schema\/person\/6b3c925f13be45874374bfedf6091b30"},"headline":"Jornada sobre el nuevo Decreto Ley 3\/2025 como herramienta para agilizar las licencias urban\u00edsticas\u00a0","datePublished":"2025-07-08T17:41:45+00:00","dateModified":"2025-11-24T19:12:11+00:00","mainEntityOfPage":{"@id":"https:\/\/foroprogresotenerife.org\/index.php\/2025\/07\/08\/el-foro-se-posiciona-a-favor-del-nuevo-decreto-ley-3-2025-como-herramienta-para-agilizar-las-licencias-urbanisticas\/"},"wordCount":769,"publisher":{"@id":"https:\/\/foroprogresotenerife.org\/#organization"},"image":{"@id":"https:\/\/foroprogresotenerife.org\/index.php\/2025\/07\/08\/el-foro-se-posiciona-a-favor-del-nuevo-decreto-ley-3-2025-como-herramienta-para-agilizar-las-licencias-urbanisticas\/#primaryimage"},"thumbnailUrl":"https:\/\/foroprogresotenerife.org\/wp-content\/uploads\/2025\/07\/IMG_2142-scaled.jpg","articleSection":["Urbanismo","Vivienda"],"inLanguage":"es"},{"@type":"WebPage","@id":"https:\/\/foroprogresotenerife.org\/index.php\/2025\/07\/08\/el-foro-se-posiciona-a-favor-del-nuevo-decreto-ley-3-2025-como-herramienta-para-agilizar-las-licencias-urbanisticas\/","url":"https:\/\/foroprogresotenerife.org\/index.php\/2025\/07\/08\/el-foro-se-posiciona-a-favor-del-nuevo-decreto-ley-3-2025-como-herramienta-para-agilizar-las-licencias-urbanisticas\/","name":"Jornada sobre el nuevo Decreto Ley 3\/2025 como herramienta para agilizar las licencias urban\u00edsticas\u00a0 - Foro por el Progreso de Tenerife","isPartOf":{"@id":"https:\/\/foroprogresotenerife.org\/#website"},"primaryImageOfPage":{"@id":"https:\/\/foroprogresotenerife.org\/index.php\/2025\/07\/08\/el-foro-se-posiciona-a-favor-del-nuevo-decreto-ley-3-2025-como-herramienta-para-agilizar-las-licencias-urbanisticas\/#primaryimage"},"image":{"@id":"https:\/\/foroprogresotenerife.org\/index.php\/2025\/07\/08\/el-foro-se-posiciona-a-favor-del-nuevo-decreto-ley-3-2025-como-herramienta-para-agilizar-las-licencias-urbanisticas\/#primaryimage"},"thumbnailUrl":"https:\/\/foroprogresotenerife.org\/wp-content\/uploads\/2025\/07\/IMG_2142-scaled.jpg","datePublished":"2025-07-08T17:41:45+00:00","dateModified":"2025-11-24T19:12:11+00:00","breadcrumb":{"@id":"https:\/\/foroprogresotenerife.org\/index.php\/2025\/07\/08\/el-foro-se-posiciona-a-favor-del-nuevo-decreto-ley-3-2025-como-herramienta-para-agilizar-las-licencias-urbanisticas\/#breadcrumb"},"inLanguage":"es","potentialAction":[{"@type":"ReadAction","target":["https:\/\/foroprogresotenerife.org\/index.php\/2025\/07\/08\/el-foro-se-posiciona-a-favor-del-nuevo-decreto-ley-3-2025-como-herramienta-para-agilizar-las-licencias-urbanisticas\/"]}]},{"@type":"ImageObject","inLanguage":"es","@id":"https:\/\/foroprogresotenerife.org\/index.php\/2025\/07\/08\/el-foro-se-posiciona-a-favor-del-nuevo-decreto-ley-3-2025-como-herramienta-para-agilizar-las-licencias-urbanisticas\/#primaryimage","url":"https:\/\/foroprogresotenerife.org\/wp-content\/uploads\/2025\/07\/IMG_2142-scaled.jpg","contentUrl":"https:\/\/foroprogresotenerife.org\/wp-content\/uploads\/2025\/07\/IMG_2142-scaled.jpg","width":1920,"height":2560},{"@type":"BreadcrumbList","@id":"https:\/\/foroprogresotenerife.org\/index.php\/2025\/07\/08\/el-foro-se-posiciona-a-favor-del-nuevo-decreto-ley-3-2025-como-herramienta-para-agilizar-las-licencias-urbanisticas\/#breadcrumb","itemListElement":[{"@type":"ListItem","position":1,"name":"Portada","item":"https:\/\/foroprogresotenerife.org\/"},{"@type":"ListItem","position":2,"name":"Jornada sobre el nuevo Decreto Ley 3\/2025 como herramienta para agilizar las licencias urban\u00edsticas\u00a0"}]},{"@type":"WebSite","@id":"https:\/\/foroprogresotenerife.org\/#website","url":"https:\/\/foroprogresotenerife.org\/","name":"Foro por el Progreso de Tenerife","description":"El sector empresarial de Tenerife se une para favorecer el crecimiento de la Isla y reducir los desequilibrios","publisher":{"@id":"https:\/\/foroprogresotenerife.org\/#organization"},"potentialAction":[{"@type":"SearchAction","target":{"@type":"EntryPoint","urlTemplate":"https:\/\/foroprogresotenerife.org\/?s={search_term_string}"},"query-input":{"@type":"PropertyValueSpecification","valueRequired":true,"valueName":"search_term_string"}}],"inLanguage":"es"},{"@type":"Organization","@id":"https:\/\/foroprogresotenerife.org\/#organization","name":"Foro por el Progreso de Tenerife","url":"https:\/\/foroprogresotenerife.org\/","logo":{"@type":"ImageObject","inLanguage":"es","@id":"https:\/\/foroprogresotenerife.org\/#\/schema\/logo\/image\/","url":"https:\/\/foroprogresotenerife.org\/wp-content\/uploads\/2024\/03\/cropped-icono.png","contentUrl":"https:\/\/foroprogresotenerife.org\/wp-content\/uploads\/2024\/03\/cropped-icono.png","width":512,"height":512,"caption":"Foro por el Progreso de Tenerife"},"image":{"@id":"https:\/\/foroprogresotenerife.org\/#\/schema\/logo\/image\/"},"sameAs":["https:\/\/www.linkedin.com\/company\/foro-progreso-tenerife\/"]},{"@type":"Person","@id":"https:\/\/foroprogresotenerife.org\/#\/schema\/person\/6b3c925f13be45874374bfedf6091b30","name":"Zulay Rodr\u00edguez","url":"https:\/\/foroprogresotenerife.org\/index.php\/author\/zulay\/"}]}},"_links":{"self":[{"href":"https:\/\/foroprogresotenerife.org\/index.php\/wp-json\/wp\/v2\/posts\/335","targetHints":{"allow":["GET"]}}],"collection":[{"href":"https:\/\/foroprogresotenerife.org\/index.php\/wp-json\/wp\/v2\/posts"}],"about":[{"href":"https:\/\/foroprogresotenerife.org\/index.php\/wp-json\/wp\/v2\/types\/post"}],"author":[{"embeddable":true,"href":"https:\/\/foroprogresotenerife.org\/index.php\/wp-json\/wp\/v2\/users\/5"}],"replies":[{"embeddable":true,"href":"https:\/\/foroprogresotenerife.org\/index.php\/wp-json\/wp\/v2\/comments?post=335"}],"version-history":[{"count":4,"href":"https:\/\/foroprogresotenerife.org\/index.php\/wp-json\/wp\/v2\/posts\/335\/revisions"}],"predecessor-version":[{"id":369,"href":"https:\/\/foroprogresotenerife.org\/index.php\/wp-json\/wp\/v2\/posts\/335\/revisions\/369"}],"wp:featuredmedia":[{"embeddable":true,"href":"https:\/\/foroprogresotenerife.org\/index.php\/wp-json\/wp\/v2\/media\/351"}],"wp:attachment":[{"href":"https:\/\/foroprogresotenerife.org\/index.php\/wp-json\/wp\/v2\/media?parent=335"}],"wp:term":[{"taxonomy":"category","embeddable":true,"href":"https:\/\/foroprogresotenerife.org\/index.php\/wp-json\/wp\/v2\/categories?post=335"},{"taxonomy":"post_tag","embeddable":true,"href":"https:\/\/foroprogresotenerife.org\/index.php\/wp-json\/wp\/v2\/tags?post=335"}],"curies":[{"name":"wp","href":"https:\/\/api.w.org\/{rel}","templated":true}]}}