{"id":345,"date":"2025-07-01T17:57:45","date_gmt":"2025-07-01T17:57:45","guid":{"rendered":"https:\/\/foroprogresotenerife.org\/?p=345"},"modified":"2025-11-24T19:09:31","modified_gmt":"2025-11-24T19:09:31","slug":"el-foro-por-el-progreso-de-tenerife-traslada-al-alcalde-de-santa-cruz-sus-prioridades-en-2025-para-dinamizar-el-desarrollo-urbano-y-economico-del-municipio","status":"publish","type":"post","link":"https:\/\/foroprogresotenerife.org\/index.php\/2025\/07\/01\/el-foro-por-el-progreso-de-tenerife-traslada-al-alcalde-de-santa-cruz-sus-prioridades-en-2025-para-dinamizar-el-desarrollo-urbano-y-economico-del-municipio\/","title":{"rendered":"Prioridades del FPT para dinamizar el desarrollo urbano y econ\u00f3mico de Santa Cruz"},"content":{"rendered":"\n<p>El Foro por el Progreso de Tenerife (FPT) mantuvo un encuentro de trabajo con el alcalde de Santa Cruz de Tenerife, Jos\u00e9 Manuel Berm\u00fadez, y con el gerente de la Sociedad de Desarrollo, Jacobo Fern\u00e1ndez, con el objetivo de trasladar las principales preocupaciones y propuestas del tejido empresarial y profesional de la capital en relaci\u00f3n con el desarrollo urbano, la actividad econ\u00f3mica y la calidad de vida en el municipio.<\/p>\n\n\n\n<p>Durante el encuentro, celebrado en formato de desayuno de trabajo, el portavoz del Foro introdujo ocho l\u00edneas prioritarias identificadas por sus miembros como palancas clave para el progreso de la ciudad: la aplicaci\u00f3n \u00e1gil y eficaz del Decreto Ley 3\/2025 para dinamizar la concesi\u00f3n de licencias urban\u00edsticas, la necesidad de revisar el r\u00e9gimen de apertura dominical de comercios, la implementaci\u00f3n de la Ordenanza de Movilidad Sostenible, con especial atenci\u00f3n a las obras del carril bici, la carga fiscal municipal, las principales obras pendientes en el municipio, la apertura al mar en el entorno de la Plaza de Espa\u00f1a, la regulaci\u00f3n de la vivienda vacacional, y la disponibilidad de aparcamientos en altura.<\/p>\n\n\n\n<p>El alcalde expuso el estado actual de cada una de estas cuestiones, detallando los pasos que ya se est\u00e1n dando desde el consistorio, mientras que la concejala centr\u00f3 su intervenci\u00f3n en las medidas de impulso econ\u00f3mico y de simplificaci\u00f3n administrativa que podr\u00edan ponerse en marcha en los pr\u00f3ximos meses, muchas de ellas alineadas con las propuestas del propio Foro.<\/p>\n\n\n\n<p>Tras las intervenciones institucionales, se abri\u00f3 un turno de di\u00e1logo abierto entre los asistentes, en el que participaron una veintena de representantes de sectores estrat\u00e9gicos de la ciudad. El debate permiti\u00f3 intercambiar visiones constructivas y concretar posibles \u00e1reas de colaboraci\u00f3n para avanzar en soluciones eficaces a medio plazo.<\/p>\n\n\n\n<p>Desde el Foro por el Progreso de Tenerife se valora positivamente la disposici\u00f3n mostrada por el equipo de gobierno municipal para escuchar activamente y construir un espacio de trabajo compartido. \u201cSanta Cruz tiene margen para liderar con agilidad y ambici\u00f3n muchas de las transformaciones urbanas y econ\u00f3micas que Tenerife necesita. El objetivo del Foro es contribuir a que ese liderazgo se traduzca en resultados tangibles para la ciudadan\u00eda\u201d, concluy\u00f3 su portavoz al cierre del encuentro.<\/p>\n","protected":false},"excerpt":{"rendered":"<p>El Foro por el Progreso de Tenerife (FPT) mantuvo un encuentro de trabajo con el alcalde de Santa Cruz de Tenerife, Jos\u00e9 Manuel Berm\u00fadez, y con el gerente de la Sociedad de Desarrollo, Jacobo Fern\u00e1ndez, con el objetivo de trasladar las principales preocupaciones y propuestas del tejido empresarial y profesional de la capital en relaci\u00f3n [&hellip;]<\/p>\n","protected":false},"author":5,"featured_media":356,"comment_status":"closed","ping_status":"closed","sticky":false,"template":"","format":"standard","meta":{"_et_pb_use_builder":"","_et_pb_old_content":"","_et_gb_content_width":"","_themeisle_gutenberg_block_has_review":false,"footnotes":""},"categories":[8,4,5],"tags":[],"class_list":["post-345","post","type-post","status-publish","format-standard","has-post-thumbnail","hentry","category-turismo","category-urbanismo","category-vivienda"],"yoast_head":"<!-- This site is optimized with the Yoast SEO plugin v26.4 - https:\/\/yoast.com\/wordpress\/plugins\/seo\/ -->\n<title>Prioridades del FPT para dinamizar el desarrollo urbano y econ\u00f3mico de Santa Cruz - Foro por el Progreso de Tenerife<\/title>\n<meta name=\"robots\" content=\"noindex, follow, max-snippet:-1, max-image-preview:large, max-video-preview:-1\" \/>\n<meta property=\"og:locale\" content=\"es_ES\" \/>\n<meta property=\"og:type\" content=\"article\" \/>\n<meta property=\"og:title\" content=\"Prioridades del FPT para dinamizar el desarrollo urbano y econ\u00f3mico de Santa Cruz - Foro por el Progreso de Tenerife\" \/>\n<meta property=\"og:description\" content=\"El Foro por el Progreso de Tenerife (FPT) mantuvo un encuentro de trabajo con el alcalde de Santa Cruz de Tenerife, Jos\u00e9 Manuel Berm\u00fadez, y con el gerente de la Sociedad de Desarrollo, Jacobo Fern\u00e1ndez, con el objetivo de trasladar las principales preocupaciones y propuestas del tejido empresarial y profesional de la capital en relaci\u00f3n [&hellip;]\" \/>\n<meta property=\"og:url\" content=\"https:\/\/foroprogresotenerife.org\/index.php\/2025\/07\/01\/el-foro-por-el-progreso-de-tenerife-traslada-al-alcalde-de-santa-cruz-sus-prioridades-en-2025-para-dinamizar-el-desarrollo-urbano-y-economico-del-municipio\/\" \/>\n<meta property=\"og:site_name\" content=\"Foro por el Progreso de Tenerife\" \/>\n<meta property=\"article:published_time\" content=\"2025-07-01T17:57:45+00:00\" \/>\n<meta property=\"article:modified_time\" content=\"2025-11-24T19:09:31+00:00\" \/>\n<meta property=\"og:image\" content=\"https:\/\/foroprogresotenerife.org\/wp-content\/uploads\/2025\/07\/20250708-ALCALDE-y-SDD-scaled.jpg\" \/>\n\t<meta property=\"og:image:width\" content=\"2560\" \/>\n\t<meta property=\"og:image:height\" content=\"1188\" \/>\n\t<meta property=\"og:image:type\" content=\"image\/jpeg\" \/>\n<meta name=\"author\" content=\"Zulay Rodr\u00edguez\" \/>\n<meta name=\"twitter:card\" content=\"summary_large_image\" \/>\n<meta name=\"twitter:label1\" content=\"Escrito por\" \/>\n\t<meta name=\"twitter:data1\" content=\"Zulay Rodr\u00edguez\" \/>\n\t<meta name=\"twitter:label2\" content=\"Tiempo de lectura\" \/>\n\t<meta name=\"twitter:data2\" content=\"2 minutos\" \/>\n<script type=\"application\/ld+json\" class=\"yoast-schema-graph\">{\"@context\":\"https:\/\/schema.org\",\"@graph\":[{\"@type\":\"Article\",\"@id\":\"https:\/\/foroprogresotenerife.org\/index.php\/2025\/07\/01\/el-foro-por-el-progreso-de-tenerife-traslada-al-alcalde-de-santa-cruz-sus-prioridades-en-2025-para-dinamizar-el-desarrollo-urbano-y-economico-del-municipio\/#article\",\"isPartOf\":{\"@id\":\"https:\/\/foroprogresotenerife.org\/index.php\/2025\/07\/01\/el-foro-por-el-progreso-de-tenerife-traslada-al-alcalde-de-santa-cruz-sus-prioridades-en-2025-para-dinamizar-el-desarrollo-urbano-y-economico-del-municipio\/\"},\"author\":{\"name\":\"Zulay Rodr\u00edguez\",\"@id\":\"https:\/\/foroprogresotenerife.org\/#\/schema\/person\/6b3c925f13be45874374bfedf6091b30\"},\"headline\":\"Prioridades del FPT para dinamizar el desarrollo urbano y econ\u00f3mico de Santa Cruz\",\"datePublished\":\"2025-07-01T17:57:45+00:00\",\"dateModified\":\"2025-11-24T19:09:31+00:00\",\"mainEntityOfPage\":{\"@id\":\"https:\/\/foroprogresotenerife.org\/index.php\/2025\/07\/01\/el-foro-por-el-progreso-de-tenerife-traslada-al-alcalde-de-santa-cruz-sus-prioridades-en-2025-para-dinamizar-el-desarrollo-urbano-y-economico-del-municipio\/\"},\"wordCount\":402,\"publisher\":{\"@id\":\"https:\/\/foroprogresotenerife.org\/#organization\"},\"image\":{\"@id\":\"https:\/\/foroprogresotenerife.org\/index.php\/2025\/07\/01\/el-foro-por-el-progreso-de-tenerife-traslada-al-alcalde-de-santa-cruz-sus-prioridades-en-2025-para-dinamizar-el-desarrollo-urbano-y-economico-del-municipio\/#primaryimage\"},\"thumbnailUrl\":\"https:\/\/foroprogresotenerife.org\/wp-content\/uploads\/2025\/07\/20250708-ALCALDE-y-SDD-scaled.jpg\",\"articleSection\":[\"Turismo\",\"Urbanismo\",\"Vivienda\"],\"inLanguage\":\"es\"},{\"@type\":\"WebPage\",\"@id\":\"https:\/\/foroprogresotenerife.org\/index.php\/2025\/07\/01\/el-foro-por-el-progreso-de-tenerife-traslada-al-alcalde-de-santa-cruz-sus-prioridades-en-2025-para-dinamizar-el-desarrollo-urbano-y-economico-del-municipio\/\",\"url\":\"https:\/\/foroprogresotenerife.org\/index.php\/2025\/07\/01\/el-foro-por-el-progreso-de-tenerife-traslada-al-alcalde-de-santa-cruz-sus-prioridades-en-2025-para-dinamizar-el-desarrollo-urbano-y-economico-del-municipio\/\",\"name\":\"Prioridades del FPT para dinamizar el desarrollo urbano y econ\u00f3mico de Santa Cruz - Foro por el Progreso de Tenerife\",\"isPartOf\":{\"@id\":\"https:\/\/foroprogresotenerife.org\/#website\"},\"primaryImageOfPage\":{\"@id\":\"https:\/\/foroprogresotenerife.org\/index.php\/2025\/07\/01\/el-foro-por-el-progreso-de-tenerife-traslada-al-alcalde-de-santa-cruz-sus-prioridades-en-2025-para-dinamizar-el-desarrollo-urbano-y-economico-del-municipio\/#primaryimage\"},\"image\":{\"@id\":\"https:\/\/foroprogresotenerife.org\/index.php\/2025\/07\/01\/el-foro-por-el-progreso-de-tenerife-traslada-al-alcalde-de-santa-cruz-sus-prioridades-en-2025-para-dinamizar-el-desarrollo-urbano-y-economico-del-municipio\/#primaryimage\"},\"thumbnailUrl\":\"https:\/\/foroprogresotenerife.org\/wp-content\/uploads\/2025\/07\/20250708-ALCALDE-y-SDD-scaled.jpg\",\"datePublished\":\"2025-07-01T17:57:45+00:00\",\"dateModified\":\"2025-11-24T19:09:31+00:00\",\"breadcrumb\":{\"@id\":\"https:\/\/foroprogresotenerife.org\/index.php\/2025\/07\/01\/el-foro-por-el-progreso-de-tenerife-traslada-al-alcalde-de-santa-cruz-sus-prioridades-en-2025-para-dinamizar-el-desarrollo-urbano-y-economico-del-municipio\/#breadcrumb\"},\"inLanguage\":\"es\",\"potentialAction\":[{\"@type\":\"ReadAction\",\"target\":[\"https:\/\/foroprogresotenerife.org\/index.php\/2025\/07\/01\/el-foro-por-el-progreso-de-tenerife-traslada-al-alcalde-de-santa-cruz-sus-prioridades-en-2025-para-dinamizar-el-desarrollo-urbano-y-economico-del-municipio\/\"]}]},{\"@type\":\"ImageObject\",\"inLanguage\":\"es\",\"@id\":\"https:\/\/foroprogresotenerife.org\/index.php\/2025\/07\/01\/el-foro-por-el-progreso-de-tenerife-traslada-al-alcalde-de-santa-cruz-sus-prioridades-en-2025-para-dinamizar-el-desarrollo-urbano-y-economico-del-municipio\/#primaryimage\",\"url\":\"https:\/\/foroprogresotenerife.org\/wp-content\/uploads\/2025\/07\/20250708-ALCALDE-y-SDD-scaled.jpg\",\"contentUrl\":\"https:\/\/foroprogresotenerife.org\/wp-content\/uploads\/2025\/07\/20250708-ALCALDE-y-SDD-scaled.jpg\",\"width\":2560,\"height\":1188},{\"@type\":\"BreadcrumbList\",\"@id\":\"https:\/\/foroprogresotenerife.org\/index.php\/2025\/07\/01\/el-foro-por-el-progreso-de-tenerife-traslada-al-alcalde-de-santa-cruz-sus-prioridades-en-2025-para-dinamizar-el-desarrollo-urbano-y-economico-del-municipio\/#breadcrumb\",\"itemListElement\":[{\"@type\":\"ListItem\",\"position\":1,\"name\":\"Portada\",\"item\":\"https:\/\/foroprogresotenerife.org\/\"},{\"@type\":\"ListItem\",\"position\":2,\"name\":\"Prioridades del FPT para dinamizar el desarrollo urbano y econ\u00f3mico de Santa Cruz\"}]},{\"@type\":\"WebSite\",\"@id\":\"https:\/\/foroprogresotenerife.org\/#website\",\"url\":\"https:\/\/foroprogresotenerife.org\/\",\"name\":\"Foro por el Progreso de Tenerife\",\"description\":\"El sector empresarial de Tenerife se une para favorecer el crecimiento de la Isla y reducir los desequilibrios\",\"publisher\":{\"@id\":\"https:\/\/foroprogresotenerife.org\/#organization\"},\"potentialAction\":[{\"@type\":\"SearchAction\",\"target\":{\"@type\":\"EntryPoint\",\"urlTemplate\":\"https:\/\/foroprogresotenerife.org\/?s={search_term_string}\"},\"query-input\":{\"@type\":\"PropertyValueSpecification\",\"valueRequired\":true,\"valueName\":\"search_term_string\"}}],\"inLanguage\":\"es\"},{\"@type\":\"Organization\",\"@id\":\"https:\/\/foroprogresotenerife.org\/#organization\",\"name\":\"Foro por el Progreso de Tenerife\",\"url\":\"https:\/\/foroprogresotenerife.org\/\",\"logo\":{\"@type\":\"ImageObject\",\"inLanguage\":\"es\",\"@id\":\"https:\/\/foroprogresotenerife.org\/#\/schema\/logo\/image\/\",\"url\":\"https:\/\/foroprogresotenerife.org\/wp-content\/uploads\/2024\/03\/cropped-icono.png\",\"contentUrl\":\"https:\/\/foroprogresotenerife.org\/wp-content\/uploads\/2024\/03\/cropped-icono.png\",\"width\":512,\"height\":512,\"caption\":\"Foro por el Progreso de Tenerife\"},\"image\":{\"@id\":\"https:\/\/foroprogresotenerife.org\/#\/schema\/logo\/image\/\"},\"sameAs\":[\"https:\/\/www.linkedin.com\/company\/foro-progreso-tenerife\/\"]},{\"@type\":\"Person\",\"@id\":\"https:\/\/foroprogresotenerife.org\/#\/schema\/person\/6b3c925f13be45874374bfedf6091b30\",\"name\":\"Zulay Rodr\u00edguez\",\"url\":\"https:\/\/foroprogresotenerife.org\/index.php\/author\/zulay\/\"}]}<\/script>\n<!-- \/ Yoast SEO plugin. -->","yoast_head_json":{"title":"Prioridades del FPT para dinamizar el desarrollo urbano y econ\u00f3mico de Santa Cruz - Foro por el Progreso de Tenerife","robots":{"index":"noindex","follow":"follow","max-snippet":"max-snippet:-1","max-image-preview":"max-image-preview:large","max-video-preview":"max-video-preview:-1"},"og_locale":"es_ES","og_type":"article","og_title":"Prioridades del FPT para dinamizar el desarrollo urbano y econ\u00f3mico de Santa Cruz - Foro por el Progreso de Tenerife","og_description":"El Foro por el Progreso de Tenerife (FPT) mantuvo un encuentro de trabajo con el alcalde de Santa Cruz de Tenerife, Jos\u00e9 Manuel Berm\u00fadez, y con el gerente de la Sociedad de Desarrollo, Jacobo Fern\u00e1ndez, con el objetivo de trasladar las principales preocupaciones y propuestas del tejido empresarial y profesional de la capital en relaci\u00f3n [&hellip;]","og_url":"https:\/\/foroprogresotenerife.org\/index.php\/2025\/07\/01\/el-foro-por-el-progreso-de-tenerife-traslada-al-alcalde-de-santa-cruz-sus-prioridades-en-2025-para-dinamizar-el-desarrollo-urbano-y-economico-del-municipio\/","og_site_name":"Foro por el Progreso de Tenerife","article_published_time":"2025-07-01T17:57:45+00:00","article_modified_time":"2025-11-24T19:09:31+00:00","og_image":[{"width":2560,"height":1188,"url":"https:\/\/foroprogresotenerife.org\/wp-content\/uploads\/2025\/07\/20250708-ALCALDE-y-SDD-scaled.jpg","type":"image\/jpeg"}],"author":"Zulay Rodr\u00edguez","twitter_card":"summary_large_image","twitter_misc":{"Escrito por":"Zulay Rodr\u00edguez","Tiempo de lectura":"2 minutos"},"schema":{"@context":"https:\/\/schema.org","@graph":[{"@type":"Article","@id":"https:\/\/foroprogresotenerife.org\/index.php\/2025\/07\/01\/el-foro-por-el-progreso-de-tenerife-traslada-al-alcalde-de-santa-cruz-sus-prioridades-en-2025-para-dinamizar-el-desarrollo-urbano-y-economico-del-municipio\/#article","isPartOf":{"@id":"https:\/\/foroprogresotenerife.org\/index.php\/2025\/07\/01\/el-foro-por-el-progreso-de-tenerife-traslada-al-alcalde-de-santa-cruz-sus-prioridades-en-2025-para-dinamizar-el-desarrollo-urbano-y-economico-del-municipio\/"},"author":{"name":"Zulay Rodr\u00edguez","@id":"https:\/\/foroprogresotenerife.org\/#\/schema\/person\/6b3c925f13be45874374bfedf6091b30"},"headline":"Prioridades del FPT para dinamizar el desarrollo urbano y econ\u00f3mico de Santa Cruz","datePublished":"2025-07-01T17:57:45+00:00","dateModified":"2025-11-24T19:09:31+00:00","mainEntityOfPage":{"@id":"https:\/\/foroprogresotenerife.org\/index.php\/2025\/07\/01\/el-foro-por-el-progreso-de-tenerife-traslada-al-alcalde-de-santa-cruz-sus-prioridades-en-2025-para-dinamizar-el-desarrollo-urbano-y-economico-del-municipio\/"},"wordCount":402,"publisher":{"@id":"https:\/\/foroprogresotenerife.org\/#organization"},"image":{"@id":"https:\/\/foroprogresotenerife.org\/index.php\/2025\/07\/01\/el-foro-por-el-progreso-de-tenerife-traslada-al-alcalde-de-santa-cruz-sus-prioridades-en-2025-para-dinamizar-el-desarrollo-urbano-y-economico-del-municipio\/#primaryimage"},"thumbnailUrl":"https:\/\/foroprogresotenerife.org\/wp-content\/uploads\/2025\/07\/20250708-ALCALDE-y-SDD-scaled.jpg","articleSection":["Turismo","Urbanismo","Vivienda"],"inLanguage":"es"},{"@type":"WebPage","@id":"https:\/\/foroprogresotenerife.org\/index.php\/2025\/07\/01\/el-foro-por-el-progreso-de-tenerife-traslada-al-alcalde-de-santa-cruz-sus-prioridades-en-2025-para-dinamizar-el-desarrollo-urbano-y-economico-del-municipio\/","url":"https:\/\/foroprogresotenerife.org\/index.php\/2025\/07\/01\/el-foro-por-el-progreso-de-tenerife-traslada-al-alcalde-de-santa-cruz-sus-prioridades-en-2025-para-dinamizar-el-desarrollo-urbano-y-economico-del-municipio\/","name":"Prioridades del FPT para dinamizar el desarrollo urbano y econ\u00f3mico de Santa Cruz - Foro por el Progreso de Tenerife","isPartOf":{"@id":"https:\/\/foroprogresotenerife.org\/#website"},"primaryImageOfPage":{"@id":"https:\/\/foroprogresotenerife.org\/index.php\/2025\/07\/01\/el-foro-por-el-progreso-de-tenerife-traslada-al-alcalde-de-santa-cruz-sus-prioridades-en-2025-para-dinamizar-el-desarrollo-urbano-y-economico-del-municipio\/#primaryimage"},"image":{"@id":"https:\/\/foroprogresotenerife.org\/index.php\/2025\/07\/01\/el-foro-por-el-progreso-de-tenerife-traslada-al-alcalde-de-santa-cruz-sus-prioridades-en-2025-para-dinamizar-el-desarrollo-urbano-y-economico-del-municipio\/#primaryimage"},"thumbnailUrl":"https:\/\/foroprogresotenerife.org\/wp-content\/uploads\/2025\/07\/20250708-ALCALDE-y-SDD-scaled.jpg","datePublished":"2025-07-01T17:57:45+00:00","dateModified":"2025-11-24T19:09:31+00:00","breadcrumb":{"@id":"https:\/\/foroprogresotenerife.org\/index.php\/2025\/07\/01\/el-foro-por-el-progreso-de-tenerife-traslada-al-alcalde-de-santa-cruz-sus-prioridades-en-2025-para-dinamizar-el-desarrollo-urbano-y-economico-del-municipio\/#breadcrumb"},"inLanguage":"es","potentialAction":[{"@type":"ReadAction","target":["https:\/\/foroprogresotenerife.org\/index.php\/2025\/07\/01\/el-foro-por-el-progreso-de-tenerife-traslada-al-alcalde-de-santa-cruz-sus-prioridades-en-2025-para-dinamizar-el-desarrollo-urbano-y-economico-del-municipio\/"]}]},{"@type":"ImageObject","inLanguage":"es","@id":"https:\/\/foroprogresotenerife.org\/index.php\/2025\/07\/01\/el-foro-por-el-progreso-de-tenerife-traslada-al-alcalde-de-santa-cruz-sus-prioridades-en-2025-para-dinamizar-el-desarrollo-urbano-y-economico-del-municipio\/#primaryimage","url":"https:\/\/foroprogresotenerife.org\/wp-content\/uploads\/2025\/07\/20250708-ALCALDE-y-SDD-scaled.jpg","contentUrl":"https:\/\/foroprogresotenerife.org\/wp-content\/uploads\/2025\/07\/20250708-ALCALDE-y-SDD-scaled.jpg","width":2560,"height":1188},{"@type":"BreadcrumbList","@id":"https:\/\/foroprogresotenerife.org\/index.php\/2025\/07\/01\/el-foro-por-el-progreso-de-tenerife-traslada-al-alcalde-de-santa-cruz-sus-prioridades-en-2025-para-dinamizar-el-desarrollo-urbano-y-economico-del-municipio\/#breadcrumb","itemListElement":[{"@type":"ListItem","position":1,"name":"Portada","item":"https:\/\/foroprogresotenerife.org\/"},{"@type":"ListItem","position":2,"name":"Prioridades del FPT para dinamizar el desarrollo urbano y econ\u00f3mico de Santa Cruz"}]},{"@type":"WebSite","@id":"https:\/\/foroprogresotenerife.org\/#website","url":"https:\/\/foroprogresotenerife.org\/","name":"Foro por el Progreso de Tenerife","description":"El sector empresarial de Tenerife se une para favorecer el crecimiento de la Isla y reducir los desequilibrios","publisher":{"@id":"https:\/\/foroprogresotenerife.org\/#organization"},"potentialAction":[{"@type":"SearchAction","target":{"@type":"EntryPoint","urlTemplate":"https:\/\/foroprogresotenerife.org\/?s={search_term_string}"},"query-input":{"@type":"PropertyValueSpecification","valueRequired":true,"valueName":"search_term_string"}}],"inLanguage":"es"},{"@type":"Organization","@id":"https:\/\/foroprogresotenerife.org\/#organization","name":"Foro por el Progreso de Tenerife","url":"https:\/\/foroprogresotenerife.org\/","logo":{"@type":"ImageObject","inLanguage":"es","@id":"https:\/\/foroprogresotenerife.org\/#\/schema\/logo\/image\/","url":"https:\/\/foroprogresotenerife.org\/wp-content\/uploads\/2024\/03\/cropped-icono.png","contentUrl":"https:\/\/foroprogresotenerife.org\/wp-content\/uploads\/2024\/03\/cropped-icono.png","width":512,"height":512,"caption":"Foro por el Progreso de Tenerife"},"image":{"@id":"https:\/\/foroprogresotenerife.org\/#\/schema\/logo\/image\/"},"sameAs":["https:\/\/www.linkedin.com\/company\/foro-progreso-tenerife\/"]},{"@type":"Person","@id":"https:\/\/foroprogresotenerife.org\/#\/schema\/person\/6b3c925f13be45874374bfedf6091b30","name":"Zulay Rodr\u00edguez","url":"https:\/\/foroprogresotenerife.org\/index.php\/author\/zulay\/"}]}},"_links":{"self":[{"href":"https:\/\/foroprogresotenerife.org\/index.php\/wp-json\/wp\/v2\/posts\/345","targetHints":{"allow":["GET"]}}],"collection":[{"href":"https:\/\/foroprogresotenerife.org\/index.php\/wp-json\/wp\/v2\/posts"}],"about":[{"href":"https:\/\/foroprogresotenerife.org\/index.php\/wp-json\/wp\/v2\/types\/post"}],"author":[{"embeddable":true,"href":"https:\/\/foroprogresotenerife.org\/index.php\/wp-json\/wp\/v2\/users\/5"}],"replies":[{"embeddable":true,"href":"https:\/\/foroprogresotenerife.org\/index.php\/wp-json\/wp\/v2\/comments?post=345"}],"version-history":[{"count":2,"href":"https:\/\/foroprogresotenerife.org\/index.php\/wp-json\/wp\/v2\/posts\/345\/revisions"}],"predecessor-version":[{"id":367,"href":"https:\/\/foroprogresotenerife.org\/index.php\/wp-json\/wp\/v2\/posts\/345\/revisions\/367"}],"wp:featuredmedia":[{"embeddable":true,"href":"https:\/\/foroprogresotenerife.org\/index.php\/wp-json\/wp\/v2\/media\/356"}],"wp:attachment":[{"href":"https:\/\/foroprogresotenerife.org\/index.php\/wp-json\/wp\/v2\/media?parent=345"}],"wp:term":[{"taxonomy":"category","embeddable":true,"href":"https:\/\/foroprogresotenerife.org\/index.php\/wp-json\/wp\/v2\/categories?post=345"},{"taxonomy":"post_tag","embeddable":true,"href":"https:\/\/foroprogresotenerife.org\/index.php\/wp-json\/wp\/v2\/tags?post=345"}],"curies":[{"name":"wp","href":"https:\/\/api.w.org\/{rel}","templated":true}]}}